{"id":40784,"date":"2025-11-28T09:18:14","date_gmt":"2025-11-28T12:18:14","guid":{"rendered":"https:\/\/www.fhycs.unam.edu.ar\/portada\/?p=40784"},"modified":"2025-11-28T09:18:51","modified_gmt":"2025-11-28T12:18:51","slug":"se-presentaron-dos-libros-join-y-estudios-sobre-poblaciones","status":"publish","type":"post","link":"https:\/\/www.fhycs.unam.edu.ar\/portada\/se-presentaron-dos-libros-join-y-estudios-sobre-poblaciones\/","title":{"rendered":"Se presentaron dos libros, JOIN y estudios sobre poblaciones"},"content":{"rendered":"<p><img loading=\"lazy\" class=\"size-medium wp-image-40789 alignleft\" src=\"https:\/\/www.fhycs.unam.edu.ar\/portada\/wp-content\/uploads\/2025\/11\/libro-vain-240x300.jpeg\" alt=\"\" width=\"240\" height=\"300\" srcset=\"https:\/\/www.fhycs.unam.edu.ar\/portada\/wp-content\/uploads\/2025\/11\/libro-vain-240x300.jpeg 240w, https:\/\/www.fhycs.unam.edu.ar\/portada\/wp-content\/uploads\/2025\/11\/libro-vain-819x1024.jpeg 819w, https:\/\/www.fhycs.unam.edu.ar\/portada\/wp-content\/uploads\/2025\/11\/libro-vain-768x960.jpeg 768w, https:\/\/www.fhycs.unam.edu.ar\/portada\/wp-content\/uploads\/2025\/11\/libro-vain.jpeg 1080w\" sizes=\"(max-width: 240px) 100vw, 240px\" \/><\/p>\n<p>Libro de Res\u00famenes de las Segundas Jornadas de Investigadoras\/es Iniciales &#8220;Formar ConCiencias Sociales y Humanas en Escenarios Neoliberales para Construir el Futuro del Pa\u00eds&#8221;.<\/p>\n<p>Libro &#8220;Investigaciones sobre Poblaciones Ind\u00edgenas, Afrodescendientes, Campesinas, Inmigrantes, Socialmente Excluidas y con Discapacidad en la Educaci\u00f3n Superior. Desaf\u00edos y Resistencias&#8221;.<!--more--><\/p>\n<p>Con las disertaciones de: la Dra. Adriana Loss (UFFS, UNIOESTE y UNaM del Programa de Desenvolvimento Acad\u00eamico Abdias Nascimento y la financiaci\u00f3n de la CAPES), el Dr. Pablo Daniel Vain, la Dra. Lelia Schewe, la Dra. Eliane G\u00f6es, sobre los aportes de los autores de la UNIOESTE, la Dra. Adriana Loss, con los aportes de los autores de la UFFS, Universidade de Lisboa y Universidade de Passo Fundo, y la Prof. Rossana Arriola.<\/p>\n<p>Acompa\u00f1aron, el Decano, Esp. Cristian Garrido, la Secretaria de Investigaci\u00f3n, Dra. Beatriz Rivero, la Secretaria de Extensi\u00f3n Esp. N\u00e9lida Gonzalez y su Adjunta Esp. Eva Muguerza y la Secretaria Acad\u00e9mica Adjunta Esp. M\u00e1xima Ben\u00edtez.<\/p>\n<p>El evento tuvo una amplia participaci\u00f3n en modalidad virtual, en el canal de YouTube de Apoyo Did\u00e1ctico de la FHyCS, en el siguiente enlace: <a href=\"https:\/\/www.youtube.com\/live\/JEFcbuqv0NE?si=kiUVYYg3NwVw6HIj\">https:\/\/www.youtube.com\/live\/JEFcbuqv0NE?si=kiUVYYg3NwVw6HIj<\/a><\/p>\n","protected":false},"excerpt":{"rendered":"<p>Libro de Res\u00famenes de las Segundas Jornadas de Investigadoras\/es Iniciales &#8220;Formar ConCiencias Sociales y Humanas en Escenarios Neoliberales para Construir el Futuro del Pa\u00eds&#8221;. Libro &#8220;Investigaciones sobre Poblaciones Ind\u00edgenas, Afrodescendientes, Campesinas, Inmigrantes, Socialmente Excluidas y con Discapacidad en la Educaci\u00f3n Superior. Desaf\u00edos y Resistencias&#8221;.<\/p>\n","protected":false},"author":10,"featured_media":0,"comment_status":"closed","ping_status":"closed","sticky":false,"template":"","format":"standard","meta":{"extendify_custom_stylesheet":""},"categories":[1],"tags":[6193,6192],"_links":{"self":[{"href":"https:\/\/www.fhycs.unam.edu.ar\/portada\/wp-json\/wp\/v2\/posts\/40784"}],"collection":[{"href":"https:\/\/www.fhycs.unam.edu.ar\/portada\/wp-json\/wp\/v2\/posts"}],"about":[{"href":"https:\/\/www.fhycs.unam.edu.ar\/portada\/wp-json\/wp\/v2\/types\/post"}],"author":[{"embeddable":true,"href":"https:\/\/www.fhycs.unam.edu.ar\/portada\/wp-json\/wp\/v2\/users\/10"}],"replies":[{"embeddable":true,"href":"https:\/\/www.fhycs.unam.edu.ar\/portada\/wp-json\/wp\/v2\/comments?post=40784"}],"version-history":[{"count":1,"href":"https:\/\/www.fhycs.unam.edu.ar\/portada\/wp-json\/wp\/v2\/posts\/40784\/revisions"}],"predecessor-version":[{"id":40790,"href":"https:\/\/www.fhycs.unam.edu.ar\/portada\/wp-json\/wp\/v2\/posts\/40784\/revisions\/40790"}],"wp:attachment":[{"href":"https:\/\/www.fhycs.unam.edu.ar\/portada\/wp-json\/wp\/v2\/media?parent=40784"}],"wp:term":[{"taxonomy":"category","embeddable":true,"href":"https:\/\/www.fhycs.unam.edu.ar\/portada\/wp-json\/wp\/v2\/categories?post=40784"},{"taxonomy":"post_tag","embeddable":true,"href":"https:\/\/www.fhycs.unam.edu.ar\/portada\/wp-json\/wp\/v2\/tags?post=40784"}],"curies":[{"name":"wp","href":"https:\/\/api.w.org\/{rel}","templated":true}]}}