{"id":40831,"date":"2025-12-16T12:54:32","date_gmt":"2025-12-16T15:54:32","guid":{"rendered":"https:\/\/www.fhycs.unam.edu.ar\/portada\/?p=40831"},"modified":"2025-12-16T12:54:32","modified_gmt":"2025-12-16T15:54:32","slug":"brindis-de-fin-de-ano","status":"publish","type":"post","link":"https:\/\/www.fhycs.unam.edu.ar\/portada\/brindis-de-fin-de-ano\/","title":{"rendered":"Brindis de Fin de A\u00f1o"},"content":{"rendered":"<p><img loading=\"lazy\" class=\"size-medium wp-image-40832 alignleft\" src=\"https:\/\/www.fhycs.unam.edu.ar\/portada\/wp-content\/uploads\/2025\/12\/brindis7-240x300.png\" alt=\"\" width=\"240\" height=\"300\" srcset=\"https:\/\/www.fhycs.unam.edu.ar\/portada\/wp-content\/uploads\/2025\/12\/brindis7-240x300.png 240w, https:\/\/www.fhycs.unam.edu.ar\/portada\/wp-content\/uploads\/2025\/12\/brindis7-819x1024.png 819w, https:\/\/www.fhycs.unam.edu.ar\/portada\/wp-content\/uploads\/2025\/12\/brindis7-768x960.png 768w, https:\/\/www.fhycs.unam.edu.ar\/portada\/wp-content\/uploads\/2025\/12\/brindis7.png 1080w\" sizes=\"(max-width: 240px) 100vw, 240px\" \/><\/p>\n<p>Con gran entusiasmo el Decano, Esp. Cristian Garrido, la Vicedecana, Dra. Zulma Cabrera y el equipo de gesti\u00f3n invitan al brindis de fin de a\u00f1o, para cerrar un ciclo lleno de desaf\u00edos y logros, y para fortalecer los lazos que nos unen como comunidad. <!--more--><\/p>\n<p>Mi\u00e9rcoles 17 de diciembre a las 20 hs,<\/p>\n<p>Aula Magna (Tucum\u00e1n 1946)<\/p>\n","protected":false},"excerpt":{"rendered":"<p>Con gran entusiasmo el Decano, Esp. Cristian Garrido, la Vicedecana, Dra. Zulma Cabrera y el equipo de gesti\u00f3n invitan al brindis de fin de a\u00f1o, para cerrar un ciclo lleno de desaf\u00edos y logros, y para fortalecer los lazos que nos unen como comunidad.<\/p>\n","protected":false},"author":10,"featured_media":0,"comment_status":"closed","ping_status":"closed","sticky":false,"template":"","format":"standard","meta":{"extendify_custom_stylesheet":""},"categories":[1],"tags":[6198,5],"_links":{"self":[{"href":"https:\/\/www.fhycs.unam.edu.ar\/portada\/wp-json\/wp\/v2\/posts\/40831"}],"collection":[{"href":"https:\/\/www.fhycs.unam.edu.ar\/portada\/wp-json\/wp\/v2\/posts"}],"about":[{"href":"https:\/\/www.fhycs.unam.edu.ar\/portada\/wp-json\/wp\/v2\/types\/post"}],"author":[{"embeddable":true,"href":"https:\/\/www.fhycs.unam.edu.ar\/portada\/wp-json\/wp\/v2\/users\/10"}],"replies":[{"embeddable":true,"href":"https:\/\/www.fhycs.unam.edu.ar\/portada\/wp-json\/wp\/v2\/comments?post=40831"}],"version-history":[{"count":1,"href":"https:\/\/www.fhycs.unam.edu.ar\/portada\/wp-json\/wp\/v2\/posts\/40831\/revisions"}],"predecessor-version":[{"id":40833,"href":"https:\/\/www.fhycs.unam.edu.ar\/portada\/wp-json\/wp\/v2\/posts\/40831\/revisions\/40833"}],"wp:attachment":[{"href":"https:\/\/www.fhycs.unam.edu.ar\/portada\/wp-json\/wp\/v2\/media?parent=40831"}],"wp:term":[{"taxonomy":"category","embeddable":true,"href":"https:\/\/www.fhycs.unam.edu.ar\/portada\/wp-json\/wp\/v2\/categories?post=40831"},{"taxonomy":"post_tag","embeddable":true,"href":"https:\/\/www.fhycs.unam.edu.ar\/portada\/wp-json\/wp\/v2\/tags?post=40831"}],"curies":[{"name":"wp","href":"https:\/\/api.w.org\/{rel}","templated":true}]}}