{"id":40847,"date":"2026-02-10T08:30:22","date_gmt":"2026-02-10T11:30:22","guid":{"rendered":"https:\/\/www.fhycs.unam.edu.ar\/portada\/?p=40847"},"modified":"2026-02-10T08:31:17","modified_gmt":"2026-02-10T11:31:17","slug":"pronunciamiento-del-codesoc","status":"publish","type":"post","link":"https:\/\/www.fhycs.unam.edu.ar\/portada\/pronunciamiento-del-codesoc\/","title":{"rendered":"Pronunciamiento del CODESOC"},"content":{"rendered":"<p>Compartimos y adherimos al pronunciamiento del Consejo de Decanas y Decanos de Facultades de Ciencias Sociales y Humanas (CODESOC), que expresa su preocupaci\u00f3n frente a una concepci\u00f3n del desarrollo cient\u00edfico y tecnol\u00f3gico que excluye a las Ciencias Sociales y Humanas.<\/p>\n<p><img loading=\"lazy\" class=\" wp-image-40849 aligncenter\" src=\"https:\/\/www.fhycs.unam.edu.ar\/portada\/wp-content\/uploads\/2026\/02\/1-240x300.jpeg\" alt=\"\" width=\"307\" height=\"383\" srcset=\"https:\/\/www.fhycs.unam.edu.ar\/portada\/wp-content\/uploads\/2026\/02\/1-240x300.jpeg 240w, https:\/\/www.fhycs.unam.edu.ar\/portada\/wp-content\/uploads\/2026\/02\/1-819x1024.jpeg 819w, https:\/\/www.fhycs.unam.edu.ar\/portada\/wp-content\/uploads\/2026\/02\/1-768x960.jpeg 768w, https:\/\/www.fhycs.unam.edu.ar\/portada\/wp-content\/uploads\/2026\/02\/1.jpeg 1080w\" sizes=\"(max-width: 307px) 100vw, 307px\" \/><\/p>\n<p><img loading=\"lazy\" class=\" wp-image-40848 aligncenter\" src=\"https:\/\/www.fhycs.unam.edu.ar\/portada\/wp-content\/uploads\/2026\/02\/2-240x300.jpeg\" alt=\"\" width=\"310\" height=\"388\" srcset=\"https:\/\/www.fhycs.unam.edu.ar\/portada\/wp-content\/uploads\/2026\/02\/2-240x300.jpeg 240w, https:\/\/www.fhycs.unam.edu.ar\/portada\/wp-content\/uploads\/2026\/02\/2-819x1024.jpeg 819w, https:\/\/www.fhycs.unam.edu.ar\/portada\/wp-content\/uploads\/2026\/02\/2-768x960.jpeg 768w, https:\/\/www.fhycs.unam.edu.ar\/portada\/wp-content\/uploads\/2026\/02\/2.jpeg 1080w\" sizes=\"(max-width: 310px) 100vw, 310px\" \/><\/p>\n","protected":false},"excerpt":{"rendered":"<p>Compartimos y adherimos al pronunciamiento del Consejo de Decanas y Decanos de Facultades de Ciencias Sociales y Humanas (CODESOC), que expresa su preocupaci\u00f3n frente a una concepci\u00f3n del desarrollo cient\u00edfico y tecnol\u00f3gico que excluye a las Ciencias Sociales y Humanas.<\/p>\n","protected":false},"author":10,"featured_media":0,"comment_status":"closed","ping_status":"closed","sticky":false,"template":"","format":"standard","meta":{"extendify_custom_stylesheet":""},"categories":[1],"tags":[5],"_links":{"self":[{"href":"https:\/\/www.fhycs.unam.edu.ar\/portada\/wp-json\/wp\/v2\/posts\/40847"}],"collection":[{"href":"https:\/\/www.fhycs.unam.edu.ar\/portada\/wp-json\/wp\/v2\/posts"}],"about":[{"href":"https:\/\/www.fhycs.unam.edu.ar\/portada\/wp-json\/wp\/v2\/types\/post"}],"author":[{"embeddable":true,"href":"https:\/\/www.fhycs.unam.edu.ar\/portada\/wp-json\/wp\/v2\/users\/10"}],"replies":[{"embeddable":true,"href":"https:\/\/www.fhycs.unam.edu.ar\/portada\/wp-json\/wp\/v2\/comments?post=40847"}],"version-history":[{"count":2,"href":"https:\/\/www.fhycs.unam.edu.ar\/portada\/wp-json\/wp\/v2\/posts\/40847\/revisions"}],"predecessor-version":[{"id":40851,"href":"https:\/\/www.fhycs.unam.edu.ar\/portada\/wp-json\/wp\/v2\/posts\/40847\/revisions\/40851"}],"wp:attachment":[{"href":"https:\/\/www.fhycs.unam.edu.ar\/portada\/wp-json\/wp\/v2\/media?parent=40847"}],"wp:term":[{"taxonomy":"category","embeddable":true,"href":"https:\/\/www.fhycs.unam.edu.ar\/portada\/wp-json\/wp\/v2\/categories?post=40847"},{"taxonomy":"post_tag","embeddable":true,"href":"https:\/\/www.fhycs.unam.edu.ar\/portada\/wp-json\/wp\/v2\/tags?post=40847"}],"curies":[{"name":"wp","href":"https:\/\/api.w.org\/{rel}","templated":true}]}}