{"id":40917,"date":"2026-03-05T12:46:14","date_gmt":"2026-03-05T15:46:14","guid":{"rendered":"https:\/\/www.fhycs.unam.edu.ar\/portada\/?p=40917"},"modified":"2026-03-05T12:46:14","modified_gmt":"2026-03-05T15:46:14","slug":"inscripcion-a-becas-2026","status":"publish","type":"post","link":"https:\/\/www.fhycs.unam.edu.ar\/portada\/inscripcion-a-becas-2026\/","title":{"rendered":"\u00a1INSCRIPCI\u00d3N A BECAS 2026!"},"content":{"rendered":"<div><span class=\"x1lliihq x1plvlek xryxfnj x1n2onr6 xyejjpt x15dsfln x193iq5w xeuugli x1fj9vlw x13faqbe x1vvkbs x1s928wv xhkezso x1gmr53x x1cpjm7i x1fgarty x1943h6x x1i0vuye xvs91rp xo1l8bm x5n08af x10wh9bi xpm28yp x8viiok x1o7cslx\" dir=\"auto\"><span class=\"x193iq5w xeuugli x13faqbe x1vvkbs xt0psk2 x1i0vuye xvs91rp xo1l8bm x5n08af x10wh9bi xpm28yp x8viiok x1o7cslx x126k92a\"><img loading=\"lazy\" class=\"size-medium wp-image-40918 alignleft\" src=\"https:\/\/www.fhycs.unam.edu.ar\/portada\/wp-content\/uploads\/2026\/03\/becas-inscripcion-255x300.jpeg\" alt=\"\" width=\"255\" height=\"300\" srcset=\"https:\/\/www.fhycs.unam.edu.ar\/portada\/wp-content\/uploads\/2026\/03\/becas-inscripcion-255x300.jpeg 255w, https:\/\/www.fhycs.unam.edu.ar\/portada\/wp-content\/uploads\/2026\/03\/becas-inscripcion.jpeg 424w\" sizes=\"(max-width: 255px) 100vw, 255px\" \/>Desde el lunes 2 de marzo hasta el 17 de abril pod\u00e9s inscribirte a las Becas 2026 de la Facultad de Humanidades y Ciencias Sociales \u270d\ufe0f\ud83d\udcda<br \/>\n<\/span><\/span><\/div>\n<div><span class=\"x1lliihq x1plvlek xryxfnj x1n2onr6 xyejjpt x15dsfln x193iq5w xeuugli x1fj9vlw x13faqbe x1vvkbs x1s928wv xhkezso x1gmr53x x1cpjm7i x1fgarty x1943h6x x1i0vuye xvs91rp xo1l8bm x5n08af x10wh9bi xpm28yp x8viiok x1o7cslx\" dir=\"auto\"><span class=\"x193iq5w xeuugli x13faqbe x1vvkbs xt0psk2 x1i0vuye xvs91rp xo1l8bm x5n08af x10wh9bi xpm28yp x8viiok x1o7cslx x126k92a\">\ud83d\udc9b Las becas disponibles son:<br \/>\n\u2022 \ud83c\udf7d\ufe0f Beca de Comedor<br \/>\n\u2022 \ud83c\udfe0 Beca de Albergue<br \/>\n\u2022 \ud83d\udc76 Beca de Cuidados<br \/>\n\u2022 \ud83e\ude7a Beca de Salud<\/span><\/span><\/div>\n<div><span class=\"x1lliihq x1plvlek xryxfnj x1n2onr6 xyejjpt x15dsfln x193iq5w xeuugli x1fj9vlw x13faqbe x1vvkbs x1s928wv xhkezso x1gmr53x x1cpjm7i x1fgarty x1943h6x x1i0vuye xvs91rp xo1l8bm x5n08af x10wh9bi xpm28yp x8viiok x1o7cslx\" dir=\"auto\"><span class=\"x193iq5w xeuugli x13faqbe x1vvkbs xt0psk2 x1i0vuye xvs91rp xo1l8bm x5n08af x10wh9bi xpm28yp x8viiok x1o7cslx x126k92a\">Solicit\u00e1 el formulario de inscripci\u00f3n en la Direcci\u00f3n de Bienestar Estudiantil.<br \/>\nCreemos en una universidad p\u00fablica que garantice el acceso, la permanencia y el egreso de todxs. Estas becas son una herramienta concreta para acompa\u00f1ar a nuestrxs estudiantes.<\/span><\/span><\/div>\n","protected":false},"excerpt":{"rendered":"<p>Desde el lunes 2 de marzo hasta el 17 de abril pod\u00e9s inscribirte a las Becas 2026 de la Facultad de Humanidades y Ciencias Sociales \u270d\ufe0f\ud83d\udcda \ud83d\udc9b Las becas disponibles son: \u2022 \ud83c\udf7d\ufe0f Beca de Comedor \u2022 \ud83c\udfe0 Beca de Albergue \u2022 \ud83d\udc76 Beca de Cuidados \u2022 \ud83e\ude7a Beca de Salud Solicit\u00e1 el formulario de [&hellip;]<\/p>\n","protected":false},"author":10,"featured_media":0,"comment_status":"closed","ping_status":"closed","sticky":false,"template":"","format":"standard","meta":{"extendify_custom_stylesheet":""},"categories":[2247,10],"tags":[6210],"_links":{"self":[{"href":"https:\/\/www.fhycs.unam.edu.ar\/portada\/wp-json\/wp\/v2\/posts\/40917"}],"collection":[{"href":"https:\/\/www.fhycs.unam.edu.ar\/portada\/wp-json\/wp\/v2\/posts"}],"about":[{"href":"https:\/\/www.fhycs.unam.edu.ar\/portada\/wp-json\/wp\/v2\/types\/post"}],"author":[{"embeddable":true,"href":"https:\/\/www.fhycs.unam.edu.ar\/portada\/wp-json\/wp\/v2\/users\/10"}],"replies":[{"embeddable":true,"href":"https:\/\/www.fhycs.unam.edu.ar\/portada\/wp-json\/wp\/v2\/comments?post=40917"}],"version-history":[{"count":1,"href":"https:\/\/www.fhycs.unam.edu.ar\/portada\/wp-json\/wp\/v2\/posts\/40917\/revisions"}],"predecessor-version":[{"id":40919,"href":"https:\/\/www.fhycs.unam.edu.ar\/portada\/wp-json\/wp\/v2\/posts\/40917\/revisions\/40919"}],"wp:attachment":[{"href":"https:\/\/www.fhycs.unam.edu.ar\/portada\/wp-json\/wp\/v2\/media?parent=40917"}],"wp:term":[{"taxonomy":"category","embeddable":true,"href":"https:\/\/www.fhycs.unam.edu.ar\/portada\/wp-json\/wp\/v2\/categories?post=40917"},{"taxonomy":"post_tag","embeddable":true,"href":"https:\/\/www.fhycs.unam.edu.ar\/portada\/wp-json\/wp\/v2\/tags?post=40917"}],"curies":[{"name":"wp","href":"https:\/\/api.w.org\/{rel}","templated":true}]}}