{"id":41000,"date":"2026-03-13T10:20:36","date_gmt":"2026-03-13T13:20:36","guid":{"rendered":"https:\/\/www.fhycs.unam.edu.ar\/portada\/?p=41000"},"modified":"2026-04-21T08:30:06","modified_gmt":"2026-04-21T11:30:06","slug":"llamado-a-concursos-docentes-15","status":"publish","type":"post","link":"https:\/\/www.fhycs.unam.edu.ar\/portada\/llamado-a-concursos-docentes-15\/","title":{"rendered":"Llamado a Concursos Docentes"},"content":{"rendered":"<p><strong>LA FACULTAD DE HUMANIDADES Y CIENCIAS SOCIALES DE LA UNaM<\/strong><\/p>\n<p><strong>LLAMA \u00a0A CONCURSOS P\u00daBLICOS Y ABIERTOS, DE ANTECEDENTES Y OPOSICI\u00d3N PARA LA COBERTURA DE CARGOS DOCENTES REGULARES<\/strong><strong>\u00a0<\/strong><\/p>\n<table width=\"106%\">\n<thead>\n<tr>\n<td width=\"4%\"><strong>N\u00b0<\/strong><\/td>\n<td width=\"24%\"><strong>CARGO<\/strong><\/td>\n<td width=\"23%\"><strong>ASIGNATURA<\/strong><\/td>\n<td width=\"30%\">\n<h3>CARRERA<\/h3>\n<\/td>\n<td width=\"17%\">\n<h3>PLAZO DE INSCRIPCI\u00d3N<\/h3>\n<\/td>\n<\/tr>\n<tr>\n<td width=\"4%\"><strong>\u00a0<\/strong><\/p>\n<p><strong>1<\/strong><\/td>\n<td width=\"24%\"><strong>\u00a0<\/strong><\/p>\n<p><strong>PROFESOR TITULAR<\/strong><\/p>\n<p><strong>Dedicaci\u00f3n Simple<\/strong><\/p>\n<p><strong>1 cargo<\/strong><\/td>\n<td width=\"23%\"><strong>\u00a0<\/strong><\/p>\n<p><strong>TEOR\u00cdAS ANTROPOL\u00d3GICAS Y SOCIOL\u00d3GICAS CONTEMPOR\u00c1NEAS (Cuatrimestral)<\/strong><\/p>\n<p><strong>\u00a0\u00a0\u00a0\u00a0\u00a0\u00a0\u00a0 <\/strong>con afectaci\u00f3n a<\/p>\n<p><strong>TEOR\u00cdAS SOCIOL\u00d3GICAS<\/strong><\/p>\n<p><strong>(Cuatrimestral)<\/strong><\/p>\n<p><a href=\"https:\/\/www.fhycs.unam.edu.ar\/portada\/wp-content\/uploads\/2026\/03\/RESOL-027-26-Teorias-Antropologias-y-Sociologicas-Contemporaneas.pdf\" target=\"_blank\" rel=\"noopener\">Resoluci\u00f3n C.D. N\u00ba\u00a0 027\/26<\/a><\/p>\n<p><strong>\u00a0<\/strong><\/td>\n<td width=\"30%\">\u00b7\u00a0 Licenciatura en Antropolog\u00eda Social.<\/p>\n<p>\u00b7\u00a0 Licenciatura en Historia.<\/td>\n<td width=\"17%\">\n<h3>Desde: 16\/03\/26<\/h3>\n<h3>Hasta: 10\/04\/26<\/h3>\n<\/td>\n<\/tr>\n<tr>\n<td width=\"4%\"><strong>\u00a0<\/strong><\/p>\n<p><strong>2<\/strong><\/td>\n<td width=\"24%\"><strong>PROFESOR<\/strong><\/p>\n<p><strong>JEFE DE TRABAJOS PR\u00c1CTICOS<\/strong><\/p>\n<p><strong>Dedicaci\u00f3n Simple<\/strong><\/p>\n<p><strong>1 cargo<\/strong><\/td>\n<td width=\"23%\"><strong>\u00a0<\/strong><\/p>\n<p><strong>MICROECONOM\u00cdA (Cuatrimestral)<\/strong><\/p>\n<p>con afectaci\u00f3n a<\/p>\n<p><strong>AN\u00c1LISIS DE LAS VARIABLES MACROECON\u00d3MICAS<\/strong><\/p>\n<p><strong>(Cuatrimestral)<\/strong><\/p>\n<p><a href=\"https:\/\/www.fhycs.unam.edu.ar\/portada\/wp-content\/uploads\/2026\/03\/RESOL-024-26-Microeconomia-con-af-a-Analisis-de-las-Variables-Macroeconomicas.pdf\" target=\"_blank\" rel=\"noopener\">Resoluci\u00f3n C.D. N\u00ba\u00a0 024\/26<\/a><\/p>\n<p>&nbsp;<\/td>\n<td width=\"30%\">&nbsp;<\/p>\n<p>\u00b7\u00a0 Profesorado en Ciencias\u00a0\u00a0\u00a0\u00a0\u00a0\u00a0\u00a0\u00a0\u00a0\u00a0\u00a0 \u00a0\u00a0\u00a0Econ\u00f3micas.<\/p>\n<p>&nbsp;<\/td>\n<td width=\"17%\">\n<h3>Desde: 17\/03\/26<\/h3>\n<h3>Hasta: 13\/04\/26<\/h3>\n<\/td>\n<\/tr>\n<tr>\n<td width=\"4%\"><strong>\u00a0<\/strong><\/p>\n<p><strong>3<\/strong><\/td>\n<td width=\"24%\"><strong>PROFESOR\/A<\/strong><\/p>\n<p><strong>ADJUNTO<\/strong><\/p>\n<p><strong>Dedicaci\u00f3n Simple<\/strong><\/p>\n<p><strong>1 cargo<\/strong><\/td>\n<td width=\"23%\"><strong>PEDAGOG\u00cdA ESPECIAL<\/strong><\/p>\n<p><strong>(Anual)<\/strong><\/p>\n<p><a href=\"https:\/\/www.fhycs.unam.edu.ar\/portada\/wp-content\/uploads\/2026\/03\/RESOL-025-26-Pedagogia-Especial.pdf\" target=\"_blank\" rel=\"noopener\">Resoluci\u00f3n C.D. N\u00ba\u00a0 025\/26<\/a><\/p>\n<p><strong>\u00a0<\/strong><\/td>\n<td width=\"30%\">&nbsp;<\/p>\n<p>\u00b7\u00a0 Profesorado en Educaci\u00f3n Especial.<\/p>\n<p>&nbsp;<\/td>\n<td width=\"17%\">\n<h3>Desde: 18\/03\/26<\/h3>\n<h3>Hasta: 14\/04\/26<\/h3>\n<\/td>\n<\/tr>\n<tr>\n<td width=\"4%\"><strong>\u00a0<\/strong><\/p>\n<p><strong>4<\/strong><\/td>\n<td width=\"24%\"><strong>\u00a0<\/strong><\/p>\n<p><strong>PROFESOR TITULAR<\/strong><\/p>\n<p><strong>Dedicaci\u00f3n Simple<\/strong><\/p>\n<p><strong>1 cargo<\/strong><\/td>\n<td width=\"23%\"><strong>TECNOLOG\u00cdA (Cuatrimestral)<\/strong><\/p>\n<p><strong>\u00a0<\/strong>con afectaci\u00f3n a <strong>DID\u00c1CTICA GENERAL (Cuatrimestral)<\/strong><\/p>\n<p><a href=\"https:\/\/www.fhycs.unam.edu.ar\/portada\/wp-content\/uploads\/2026\/03\/RESOL-026-26-Tecnologia-con-af-a-Didactica-General.pdf\" target=\"_blank\" rel=\"noopener\">Resoluci\u00f3n C.D. N\u00ba\u00a0 026\/26<\/a><\/p>\n<p><strong>\u00a0<\/strong><\/td>\n<td width=\"30%\">\u00b7\u00a0 Profesorado en Educaci\u00f3n Especial.<\/td>\n<td width=\"17%\">\n<h3>Desde: 20\/03\/26<\/h3>\n<h3>Hasta: 15\/04\/26<\/h3>\n<\/td>\n<\/tr>\n<\/thead>\n<\/table>\n<p><strong>\u00a0<\/strong><strong>\u00a0<\/strong><strong>INFORMES E INSCRIPCI\u00d3N PRESENCIALES<\/strong>: Direcci\u00f3n de Concursos Docentes, Secretar\u00eda Acad\u00e9mica, 1er Piso &#8211; Facultad de Humanidades y Ciencias Sociales &#8211; UNaM. &#8211; Calle Tucum\u00e1n N\u00ba 1946 \u2013 Posadas &#8211; Misiones.<\/p>\n<p><strong>CONSULTAS AL CORREO ELECTR\u00d3NICO<\/strong>: <a href=\"mailto:concursosdocentes@fhycs.unam.edu.ar\">concursosdocentes@fhycs.unam.edu.ar<\/a><\/p>\n<p><strong>HORARIO DE INFORMES E <\/strong>\u00a0<strong>INSCRIPCI\u00d3N PRESENCIALES<\/strong>: Lunes a Viernes de 07:00 a 12:00 hs.<\/p>\n<p><strong>REQUISITOS<\/strong>: Poseer T\u00edtulo de Grado Universitario; Acreditar Formaci\u00f3n y labor en Docencia Universitaria, de acuerdo al cargo a concursar (Art\u00edculos 9\u00ba al 11\u00ba de la Ordenanza CS N\u00ba 082\/17 y Art\u00edculo 6\u00ba, de la Ordenanza CS N\u00ba 051\/25) y los requisitos del Perfil, estipulados en cada llamado a concurso.<\/p>\n<p>Ver informaci\u00f3n de concursos docentes <a href=\"https:\/\/www.fhycs.unam.edu.ar\/portada\/concursos\/\" target=\"_blank\" rel=\"noopener\">AQU\u00cd<\/a><\/p>\n<p><strong>\u00a0<\/strong><\/p>\n","protected":false},"excerpt":{"rendered":"<p>LA FACULTAD DE HUMANIDADES Y CIENCIAS SOCIALES DE LA UNaM LLAMA \u00a0A CONCURSOS P\u00daBLICOS Y ABIERTOS, DE ANTECEDENTES Y OPOSICI\u00d3N PARA LA COBERTURA DE CARGOS DOCENTES REGULARES\u00a0 N\u00b0 CARGO ASIGNATURA CARRERA PLAZO DE INSCRIPCI\u00d3N \u00a0 1 \u00a0 PROFESOR TITULAR Dedicaci\u00f3n Simple 1 cargo \u00a0 TEOR\u00cdAS ANTROPOL\u00d3GICAS Y SOCIOL\u00d3GICAS CONTEMPOR\u00c1NEAS (Cuatrimestral) \u00a0\u00a0\u00a0\u00a0\u00a0\u00a0\u00a0 con afectaci\u00f3n a TEOR\u00cdAS [&hellip;]<\/p>\n","protected":false},"author":10,"featured_media":18316,"comment_status":"closed","ping_status":"closed","sticky":false,"template":"","format":"standard","meta":{"extendify_custom_stylesheet":""},"categories":[1],"tags":[5770],"_links":{"self":[{"href":"https:\/\/www.fhycs.unam.edu.ar\/portada\/wp-json\/wp\/v2\/posts\/41000"}],"collection":[{"href":"https:\/\/www.fhycs.unam.edu.ar\/portada\/wp-json\/wp\/v2\/posts"}],"about":[{"href":"https:\/\/www.fhycs.unam.edu.ar\/portada\/wp-json\/wp\/v2\/types\/post"}],"author":[{"embeddable":true,"href":"https:\/\/www.fhycs.unam.edu.ar\/portada\/wp-json\/wp\/v2\/users\/10"}],"replies":[{"embeddable":true,"href":"https:\/\/www.fhycs.unam.edu.ar\/portada\/wp-json\/wp\/v2\/comments?post=41000"}],"version-history":[{"count":1,"href":"https:\/\/www.fhycs.unam.edu.ar\/portada\/wp-json\/wp\/v2\/posts\/41000\/revisions"}],"predecessor-version":[{"id":41001,"href":"https:\/\/www.fhycs.unam.edu.ar\/portada\/wp-json\/wp\/v2\/posts\/41000\/revisions\/41001"}],"wp:featuredmedia":[{"embeddable":true,"href":"https:\/\/www.fhycs.unam.edu.ar\/portada\/wp-json\/wp\/v2\/media\/18316"}],"wp:attachment":[{"href":"https:\/\/www.fhycs.unam.edu.ar\/portada\/wp-json\/wp\/v2\/media?parent=41000"}],"wp:term":[{"taxonomy":"category","embeddable":true,"href":"https:\/\/www.fhycs.unam.edu.ar\/portada\/wp-json\/wp\/v2\/categories?post=41000"},{"taxonomy":"post_tag","embeddable":true,"href":"https:\/\/www.fhycs.unam.edu.ar\/portada\/wp-json\/wp\/v2\/tags?post=41000"}],"curies":[{"name":"wp","href":"https:\/\/api.w.org\/{rel}","templated":true}]}}