{"id":41022,"date":"2026-03-18T11:05:22","date_gmt":"2026-03-18T14:05:22","guid":{"rendered":"https:\/\/www.fhycs.unam.edu.ar\/portada\/?p=41022"},"modified":"2026-04-21T08:12:46","modified_gmt":"2026-04-21T11:12:46","slug":"agenda-institucional-de-la-fhycs-unam-por-la-semana-de-la-memoria-verdad-y-justicia","status":"publish","type":"post","link":"https:\/\/www.fhycs.unam.edu.ar\/portada\/agenda-institucional-de-la-fhycs-unam-por-la-semana-de-la-memoria-verdad-y-justicia\/","title":{"rendered":"Agenda institucional de la FHyCS-UNaM por la &#8220;Semana de la Memoria, Verdad y Justicia&#8221;"},"content":{"rendered":"<p><img loading=\"lazy\" class=\"size-medium wp-image-41023 alignleft\" src=\"https:\/\/www.fhycs.unam.edu.ar\/portada\/wp-content\/uploads\/2026\/03\/tapa-243x300.jpeg\" alt=\"\" width=\"243\" height=\"300\" srcset=\"https:\/\/www.fhycs.unam.edu.ar\/portada\/wp-content\/uploads\/2026\/03\/tapa-243x300.jpeg 243w, https:\/\/www.fhycs.unam.edu.ar\/portada\/wp-content\/uploads\/2026\/03\/tapa.jpeg 676w\" sizes=\"(max-width: 243px) 100vw, 243px\" \/><\/p>\n<p>La Facultad de Humanidades y Ciencias Sociales de la Universidad Nacional de Misiones (FHyCS-UNaM) invita a la comunidad a participar de la <strong>Semana de la Memoria, Verdad y Justicia<\/strong>, en conmemoraci\u00f3n de los 50 a\u00f1os de la \u00faltima dictadura c\u00edvico-militar en Argentina. La actividad busca visibilizar la lucha por los derechos humanos y mantener viva la memoria colectiva.<!--more--><\/p>\n<blockquote>\n<h4 style=\"text-align: right;\">AGENDA<\/h4>\n<h4 style=\"text-align: right;\"><span style=\"color: #008080;\">Semana de la Memoria, Verdad y Justicia<\/span><\/h4>\n<h4 style=\"text-align: right;\"><span style=\"color: #008080;\">\ud83d\udcc5 25, 26 y 27 de marzo | \ud83d\udccd FHyCS, UNaM<\/span><\/h4>\n<h4 style=\"text-align: right;\"><span style=\"color: #008080;\">A 50 a\u00f1os de la \u00faltima dictadura c\u00edvico-militar, te invitamos a participar de nuestras actividades.<\/span><\/h4>\n<\/blockquote>\n<h3><strong>\u00a0<\/strong>Programa de actividades:<\/h3>\n<p><strong>Mi\u00e9rcoles 25\/03 \u2013 18:00 hs<\/strong><br \/>\n<strong>Presentaci\u00f3n del libro \u201cElla es Agustina\u201d<\/strong><\/p>\n<ul>\n<li><strong>Lugar:<\/strong> SUM Juan Figueredo (Ingreso por Tucum\u00e1n 1946)<\/li>\n<li><strong>Presenta:<\/strong> Rub\u00e9n Morel y Diego Somoza. Apertura a cargo de Carlos Da Rosa.<\/li>\n<li><strong>Participa:<\/strong> Susana Breska Sisterna, autora y periodista de investigaci\u00f3n graduada de FHyCS-UNaM<\/li>\n<\/ul>\n<p>\u201c\u2026ninguna sociedad puede darse el lujo de permanecer indiferente. Mientras sigamos mirando hacia otro lado, seguir\u00e1n naciendo nuevas Agustinas.\u201d<\/p>\n<p><strong>Organiza:<\/strong> Departamento de Comunicaci\u00f3n Social, FHyCS-UNaM<\/p>\n<p><strong>Jueves 26\/03<\/strong><\/p>\n<ul>\n<li><strong>18:00 hs \u2013 Proyecci\u00f3n de entrevista a Azucena de La Fuente, ex presa pol\u00edtica<\/strong>\n<ul>\n<li><strong>Lugar:<\/strong> FHyCS (Ingreso por Tucum\u00e1n 1946)<\/li>\n<li>Actividad inter-c\u00e1tedra desde IULSA<\/li>\n<\/ul>\n<\/li>\n<li><strong>18:00 hs \u2013 Panel de investigadores \u201cA 50 a\u00f1os de la dictadura militar\u201d<\/strong>\n<ul>\n<li><strong>Lugar:<\/strong> SUM Juan Figueredo (Ingreso por Tucum\u00e1n 1946)<\/li>\n<li><strong>Panelistas:<\/strong> Severa Barrios, Mariana Lombardini, Laura Kostlin, Alejandro Oviedo, Silvio Medina, M\u00f3nica Zub Centeno, Alexis Rasftopolo<\/li>\n<li><strong>Moderadores:<\/strong> Javier Gortari y Daniel Re<\/li>\n<\/ul>\n<\/li>\n<\/ul>\n<p><strong>Viernes 27\/03 \u2013 18:00 hs<\/strong><br \/>\n<strong>Reconocimiento y distinci\u00f3n a:<\/strong><\/p>\n<ul>\n<li>Amelia B\u00e1ez<\/li>\n<li>Movimiento Agrario de Misiones (MAM)<\/li>\n<li>A personas y organizaciones que han luchado por la democracia durante la \u00faltima dictadura militar<\/li>\n<\/ul>\n<p><strong>Proyecci\u00f3n de audiovisual:<\/strong> <em>Araucario<\/em> de Sebasti\u00e1n Korol<\/p>\n<p><strong>Organizan:<\/strong> APDH-Misiones y C\u00e1tedra Libre de Pensamiento Pol\u00edtico y DDHH \u201cLeopoldo L\u00f3pez Forastier\u201d.<\/p>\n","protected":false},"excerpt":{"rendered":"<p>La Facultad de Humanidades y Ciencias Sociales de la Universidad Nacional de Misiones (FHyCS-UNaM) invita a la comunidad a participar de la Semana de la Memoria, Verdad y Justicia, en conmemoraci\u00f3n de los 50 a\u00f1os de la \u00faltima dictadura c\u00edvico-militar en Argentina. La actividad busca visibilizar la lucha por los derechos humanos y mantener viva [&hellip;]<\/p>\n","protected":false},"author":10,"featured_media":41040,"comment_status":"closed","ping_status":"closed","sticky":false,"template":"","format":"standard","meta":{"extendify_custom_stylesheet":""},"categories":[1],"tags":[5,2112,3319],"_links":{"self":[{"href":"https:\/\/www.fhycs.unam.edu.ar\/portada\/wp-json\/wp\/v2\/posts\/41022"}],"collection":[{"href":"https:\/\/www.fhycs.unam.edu.ar\/portada\/wp-json\/wp\/v2\/posts"}],"about":[{"href":"https:\/\/www.fhycs.unam.edu.ar\/portada\/wp-json\/wp\/v2\/types\/post"}],"author":[{"embeddable":true,"href":"https:\/\/www.fhycs.unam.edu.ar\/portada\/wp-json\/wp\/v2\/users\/10"}],"replies":[{"embeddable":true,"href":"https:\/\/www.fhycs.unam.edu.ar\/portada\/wp-json\/wp\/v2\/comments?post=41022"}],"version-history":[{"count":8,"href":"https:\/\/www.fhycs.unam.edu.ar\/portada\/wp-json\/wp\/v2\/posts\/41022\/revisions"}],"predecessor-version":[{"id":41041,"href":"https:\/\/www.fhycs.unam.edu.ar\/portada\/wp-json\/wp\/v2\/posts\/41022\/revisions\/41041"}],"wp:featuredmedia":[{"embeddable":true,"href":"https:\/\/www.fhycs.unam.edu.ar\/portada\/wp-json\/wp\/v2\/media\/41040"}],"wp:attachment":[{"href":"https:\/\/www.fhycs.unam.edu.ar\/portada\/wp-json\/wp\/v2\/media?parent=41022"}],"wp:term":[{"taxonomy":"category","embeddable":true,"href":"https:\/\/www.fhycs.unam.edu.ar\/portada\/wp-json\/wp\/v2\/categories?post=41022"},{"taxonomy":"post_tag","embeddable":true,"href":"https:\/\/www.fhycs.unam.edu.ar\/portada\/wp-json\/wp\/v2\/tags?post=41022"}],"curies":[{"name":"wp","href":"https:\/\/api.w.org\/{rel}","templated":true}]}}