{"id":41459,"date":"2026-06-02T10:05:15","date_gmt":"2026-06-02T13:05:15","guid":{"rendered":"https:\/\/www.fhycs.unam.edu.ar\/portada\/?p=41459"},"modified":"2026-06-02T10:05:15","modified_gmt":"2026-06-02T13:05:15","slug":"diplomatura-superior-la-lengua-de-senas-argentina-en-contextos-educativos","status":"publish","type":"post","link":"https:\/\/www.fhycs.unam.edu.ar\/portada\/diplomatura-superior-la-lengua-de-senas-argentina-en-contextos-educativos\/","title":{"rendered":"Diplomatura Superior: &#8220;La Lengua de Se\u00f1as Argentina en Contextos Educativos&#8221;."},"content":{"rendered":"<p><img loading=\"lazy\" class=\"size-medium wp-image-41460 aligncenter\" src=\"https:\/\/www.fhycs.unam.edu.ar\/portada\/wp-content\/uploads\/2026\/06\/0-240x300.png\" alt=\"\" width=\"240\" height=\"300\" srcset=\"https:\/\/www.fhycs.unam.edu.ar\/portada\/wp-content\/uploads\/2026\/06\/0-240x300.png 240w, https:\/\/www.fhycs.unam.edu.ar\/portada\/wp-content\/uploads\/2026\/06\/0-819x1024.png 819w, https:\/\/www.fhycs.unam.edu.ar\/portada\/wp-content\/uploads\/2026\/06\/0-768x960.png 768w, https:\/\/www.fhycs.unam.edu.ar\/portada\/wp-content\/uploads\/2026\/06\/0.png 1080w\" sizes=\"(max-width: 240px) 100vw, 240px\" \/> <img loading=\"lazy\" class=\"size-medium wp-image-41461 aligncenter\" src=\"https:\/\/www.fhycs.unam.edu.ar\/portada\/wp-content\/uploads\/2026\/06\/1-240x300.png\" alt=\"\" width=\"240\" height=\"300\" srcset=\"https:\/\/www.fhycs.unam.edu.ar\/portada\/wp-content\/uploads\/2026\/06\/1-240x300.png 240w, https:\/\/www.fhycs.unam.edu.ar\/portada\/wp-content\/uploads\/2026\/06\/1-819x1024.png 819w, https:\/\/www.fhycs.unam.edu.ar\/portada\/wp-content\/uploads\/2026\/06\/1-768x960.png 768w, https:\/\/www.fhycs.unam.edu.ar\/portada\/wp-content\/uploads\/2026\/06\/1.png 1080w\" sizes=\"(max-width: 240px) 100vw, 240px\" \/><\/p>\n<p>\ud83d\udcdd Inscripci\u00f3n: abierta en SIRyC.<\/p>\n<p>\ud83d\udc69\ud83c\udfeb Dirigido a: docentes, directivos y afines del sistema educativo<\/p>\n<p>\ud83d\udcc5 Inicio de cursado: s\u00e1bado 06\/06\/2026, 09:00 hs<\/p>\n<p>\ud83d\udcbb Modalidad: H\u00edbrida.<\/p>\n<p>\ud83c\udfaf Objetivo: Capacitar a docentes y directivos para aplicar conocimientos, t\u00e9cnicas y herramientas de accesibilidad en lengua de se\u00f1as como derecho, garantizando respuestas efectivas a las necesidades del \u00e1mbito escolar.<\/p>\n<p>\u2709\ufe0f Contacto: diplomaturalsafhycs@gmail.com<\/p>\n","protected":false},"excerpt":{"rendered":"<p>\ud83d\udcdd Inscripci\u00f3n: abierta en SIRyC. \ud83d\udc69\ud83c\udfeb Dirigido a: docentes, directivos y afines del sistema educativo \ud83d\udcc5 Inicio de cursado: s\u00e1bado 06\/06\/2026, 09:00 hs \ud83d\udcbb Modalidad: H\u00edbrida. \ud83c\udfaf Objetivo: Capacitar a docentes y directivos para aplicar conocimientos, t\u00e9cnicas y herramientas de accesibilidad en lengua de se\u00f1as como derecho, garantizando respuestas efectivas a las necesidades del \u00e1mbito [&hellip;]<\/p>\n","protected":false},"author":10,"featured_media":0,"comment_status":"closed","ping_status":"closed","sticky":false,"template":"","format":"standard","meta":{"extendify_custom_stylesheet":""},"categories":[714],"tags":[6268],"_links":{"self":[{"href":"https:\/\/www.fhycs.unam.edu.ar\/portada\/wp-json\/wp\/v2\/posts\/41459"}],"collection":[{"href":"https:\/\/www.fhycs.unam.edu.ar\/portada\/wp-json\/wp\/v2\/posts"}],"about":[{"href":"https:\/\/www.fhycs.unam.edu.ar\/portada\/wp-json\/wp\/v2\/types\/post"}],"author":[{"embeddable":true,"href":"https:\/\/www.fhycs.unam.edu.ar\/portada\/wp-json\/wp\/v2\/users\/10"}],"replies":[{"embeddable":true,"href":"https:\/\/www.fhycs.unam.edu.ar\/portada\/wp-json\/wp\/v2\/comments?post=41459"}],"version-history":[{"count":1,"href":"https:\/\/www.fhycs.unam.edu.ar\/portada\/wp-json\/wp\/v2\/posts\/41459\/revisions"}],"predecessor-version":[{"id":41462,"href":"https:\/\/www.fhycs.unam.edu.ar\/portada\/wp-json\/wp\/v2\/posts\/41459\/revisions\/41462"}],"wp:attachment":[{"href":"https:\/\/www.fhycs.unam.edu.ar\/portada\/wp-json\/wp\/v2\/media?parent=41459"}],"wp:term":[{"taxonomy":"category","embeddable":true,"href":"https:\/\/www.fhycs.unam.edu.ar\/portada\/wp-json\/wp\/v2\/categories?post=41459"},{"taxonomy":"post_tag","embeddable":true,"href":"https:\/\/www.fhycs.unam.edu.ar\/portada\/wp-json\/wp\/v2\/tags?post=41459"}],"curies":[{"name":"wp","href":"https:\/\/api.w.org\/{rel}","templated":true}]}}