{"id":41943,"date":"2026-08-31T09:14:48","date_gmt":"2026-08-31T12:14:48","guid":{"rendered":"https:\/\/www.fhycs.unam.edu.ar\/portada\/?p=41943"},"modified":"2026-08-31T09:28:56","modified_gmt":"2026-08-31T12:28:56","slug":"iii-jornadas-de-estudiantes-y-graduadxs-de-tise-y-litadis-una-jornada-para-compartir-investigaciones-y-construir-conocimiento-con-evidencia","status":"publish","type":"post","link":"https:\/\/www.fhycs.unam.edu.ar\/portada\/iii-jornadas-de-estudiantes-y-graduadxs-de-tise-y-litadis-una-jornada-para-compartir-investigaciones-y-construir-conocimiento-con-evidencia\/","title":{"rendered":"III Jornadas de Estudiantes y Graduadxs de TISE y LITADIS: una jornada para compartir investigaciones y construir conocimiento con evidencia"},"content":{"rendered":"<h1><img loading=\"lazy\" class=\"size-medium wp-image-41945 alignleft\" src=\"https:\/\/www.fhycs.unam.edu.ar\/portada\/wp-content\/uploads\/2026\/08\/1-1-234x300.jpeg\" alt=\"\" width=\"234\" height=\"300\" srcset=\"https:\/\/www.fhycs.unam.edu.ar\/portada\/wp-content\/uploads\/2026\/08\/1-1-234x300.jpeg 234w, https:\/\/www.fhycs.unam.edu.ar\/portada\/wp-content\/uploads\/2026\/08\/1-1.jpeg 450w\" sizes=\"(max-width: 234px) 100vw, 234px\" \/><\/h1>\n<p>El pr\u00f3ximo <strong>viernes 4 de septiembre<\/strong>, de <strong>8 a 18 horas<\/strong>, se realizar\u00e1n en la Facultad de Humanidades y Ciencias Sociales de la Universidad Nacional de Misiones (FHyCS-UNaM) las <strong>III Jornadas de Estudiantes y Graduadxs de TISE y LITADIS<\/strong>, bajo el lema <strong>\u201c\u00a1Con datos es mejor! Construyendo futuro con evidencia\u201d<\/strong>.<!--more--><\/p>\n<p>El encuentro tendr\u00e1 lugar en el <strong>SUM Juan Figueredo de la FHyCS-UNaM, ubicado en Col\u00f3n 2368 con ingreso por Tucum\u00e1n 1946<\/strong>, y se desarrollar\u00e1 en modalidad <strong>presencial-h\u00edbrida<\/strong>, permitiendo la participaci\u00f3n virtual de quienes no residan en Posadas.<\/p>\n<p>Las Jornadas constituyen un espacio de encuentro, di\u00e1logo y reflexi\u00f3n para compartir investigaciones, experiencias y producciones vinculadas con la investigaci\u00f3n socioecon\u00f3mica y el an\u00e1lisis de datos. La propuesta est\u00e1 destinada a <strong>estudiantes, docentes y graduadxs de las carreras de TISE y LITADIS, integrantes de otras carreras de la FHyCS-UNaM y a la comunidad en general<\/strong>.<\/p>\n<h2>Un espacio para el intercambio y la construcci\u00f3n colectiva<\/h2>\n<p>Entre los principales objetivos del encuentro se encuentra propiciar un \u00e1mbito de di\u00e1logo entre estudiantes y graduadxs de las diferentes sedes de las carreras de TISE y LITADIS, fortaleciendo los v\u00ednculos y consolidando una comunidad acad\u00e9mica comprometida.<\/p>\n<p>Asimismo, las Jornadas permitir\u00e1n recuperar y socializar trayectorias de formaci\u00f3n acad\u00e9mica y experiencias desarrolladas en el marco de pr\u00e1cticas sociales educativas, pasant\u00edas rentadas, becas, estancias en proyectos de investigaci\u00f3n y extensi\u00f3n acreditados, tanto en instituciones p\u00fablicas como privadas.<\/p>\n<p>La propuesta tambi\u00e9n busca reflexionar sobre las oportunidades y desaf\u00edos que ofrecen estas experiencias durante la formaci\u00f3n universitaria y en los procesos de inserci\u00f3n profesional, as\u00ed como visibilizar el rol de las carreras de TISE y LITADIS como articuladoras entre la Universidad y la sociedad.<\/p>\n<h2>Conferencia inaugural<\/h2>\n<p>La jornada comenzar\u00e1 a las <strong>8 horas<\/strong> con la apertura institucional y las palabras de bienvenida de autoridades de la FHyCS-UNaM y del Departamento TISE\/LITADIS.<\/p>\n<p>A las <strong>8:30 horas<\/strong> se realizar\u00e1 la <strong>Conferencia Inaugural<\/strong>, que estar\u00e1 a cargo de la <strong>Cra. Silvana Labat, directora del Instituto Provincial de Estad\u00edstica y Censos (IPEC)<\/strong>.<\/p>\n<h2>Sesiones de trabajo<\/h2>\n<p>A lo largo de la jornada se desarrollar\u00e1n diferentes sesiones de trabajo en las que estudiantes y graduadxs presentar\u00e1n investigaciones, experiencias y producciones vinculadas con diversas problem\u00e1ticas sociales, econ\u00f3micas y territoriales.<\/p>\n<p>Durante el bloque de la ma\u00f1ana se abordar\u00e1n temas relacionados con:<\/p>\n<ul>\n<li><strong>Desigualdades, condiciones de vida y vulnerabilidades<\/strong>.<\/li>\n<li><strong>Desarrollo, territorio y producci\u00f3n<\/strong>.<\/li>\n<\/ul>\n<p>Por la tarde, las sesiones estar\u00e1n orientadas a:<\/p>\n<ul>\n<li><strong>Educaci\u00f3n en transformaci\u00f3n: aprendizajes, ense\u00f1anza e inteligencia artificial<\/strong>.<\/li>\n<li><strong>Alimentaci\u00f3n, cuidados y reproducci\u00f3n de la vida<\/strong>.<\/li>\n<\/ul>\n<p>Cada espacio contar\u00e1 con exposiciones de trabajos, intervenciones de moderadores y momentos destinados al intercambio y las preguntas de las y los asistentes.<\/p>\n<h2>Muestra permanente de p\u00f3sters<\/h2>\n<p>Durante toda la jornada tambi\u00e9n se desarrollar\u00e1 una <strong>muestra permanente de p\u00f3sters digitales<\/strong>, que ser\u00e1n proyectados en el hall de entrada del SUM Juan Figueredo.<\/p>\n<p>Los trabajos abordar\u00e1n tem\u00e1ticas como el desempe\u00f1o educativo, el posdesarrollo, los modelos tributarios internacionales y la clasificaci\u00f3n macroecon\u00f3mica de los pa\u00edses del G20.<\/p>\n<h2>Inscripci\u00f3n gratuita<\/h2>\n<p>La participaci\u00f3n en las Jornadas es <strong>gratuita<\/strong>, pero requiere inscripci\u00f3n previa para todas las modalidades:<\/p>\n<ul>\n<li>Asistentes.<\/li>\n<li>Expositores\/as de comunicaciones orales.<\/li>\n<li>Expositores\/as de p\u00f3sters.<\/li>\n<\/ul>\n<p>Quienes no residan en Posadas podr\u00e1n participar de manera virtual. Una vez completado el formulario de inscripci\u00f3n, recibir\u00e1n el enlace de acceso en su correo electr\u00f3nico.<\/p>\n<p>La inscripci\u00f3n es tambi\u00e9n un requisito indispensable para acceder a la certificaci\u00f3n correspondiente de asistencia y\/o exposici\u00f3n.<\/p>\n<p><strong>Formulario de inscripci\u00f3n:<\/strong><br \/>\n<a href=\"https:\/\/forms.gle\/mM6nfonTud9Mce7VA\">https:\/\/forms.gle\/mM6nfonTud9Mce7VA<\/a><\/p>\n<h2>Una jornada para compartir y aprender<\/h2>\n<p>El Comit\u00e9 Organizador de las III Jornadas de Estudiantes y Graduadxs de TISE y LITADIS destac\u00f3 la gran recepci\u00f3n de trabajos durante la convocatoria y present\u00f3 el cronograma oficial de las sesiones, junto con las pautas para las exposiciones orales y los p\u00f3sters digitales.<\/p>\n<p>Las Jornadas se presentan como una oportunidad para compartir conocimientos, experiencias y trayectorias, fortaleciendo el intercambio entre estudiantes, graduadxs, docentes y la comunidad.<\/p>\n<p><strong>\u00a1Con datos es mejor! Construyendo futuro con evidencia.<\/strong><\/p>\n<h3>Consultas<\/h3>\n<p>Ante cualquier inquietud, las personas interesadas pueden comunicarse al correo electr\u00f3nico:<\/p>\n<p><strong><a href=\"mailto:jornadas.tise.litadis@gmail.com\">jornadas.tise.litadis@gmail.com<\/a><\/strong><\/p>\n<h3>Ver SEGUNDA CIRCULAR<br \/>\n<iframe src=\"\/\/docs.google.com\/viewer?url=https%3A%2F%2Fwww.fhycs.unam.edu.ar%2Fportada%2Fwp-content%2Fuploads%2F2026%2F08%2FIII_JEyG_TISE-LITADIS_2da-circular-2026-VF.pdf&hl=es&embedded=true\" class=\"gde-frame\" style=\"width:100%; height:500px; border: none;\" scrolling=\"no\"><\/iframe>\n<p class=\"gde-text\"><a href=\"https:\/\/www.fhycs.unam.edu.ar\/portada\/wp-content\/uploads\/2026\/08\/III_JEyG_TISE-LITADIS_2da-circular-2026-VF.pdf\" class=\"gde-link\">Descargar (PDF, Desconocido)<\/a><\/p><\/h3>\n","protected":false},"excerpt":{"rendered":"<p>El pr\u00f3ximo viernes 4 de septiembre, de 8 a 18 horas, se realizar\u00e1n en la Facultad de Humanidades y Ciencias Sociales de la Universidad Nacional de Misiones (FHyCS-UNaM) las III Jornadas de Estudiantes y Graduadxs de TISE y LITADIS, bajo el lema \u201c\u00a1Con datos es mejor! Construyendo futuro con evidencia\u201d.<\/p>\n","protected":false},"author":10,"featured_media":41948,"comment_status":"closed","ping_status":"closed","sticky":false,"template":"","format":"standard","meta":{"extendify_custom_stylesheet":""},"categories":[88,5552],"tags":[6305],"_links":{"self":[{"href":"https:\/\/www.fhycs.unam.edu.ar\/portada\/wp-json\/wp\/v2\/posts\/41943"}],"collection":[{"href":"https:\/\/www.fhycs.unam.edu.ar\/portada\/wp-json\/wp\/v2\/posts"}],"about":[{"href":"https:\/\/www.fhycs.unam.edu.ar\/portada\/wp-json\/wp\/v2\/types\/post"}],"author":[{"embeddable":true,"href":"https:\/\/www.fhycs.unam.edu.ar\/portada\/wp-json\/wp\/v2\/users\/10"}],"replies":[{"embeddable":true,"href":"https:\/\/www.fhycs.unam.edu.ar\/portada\/wp-json\/wp\/v2\/comments?post=41943"}],"version-history":[{"count":3,"href":"https:\/\/www.fhycs.unam.edu.ar\/portada\/wp-json\/wp\/v2\/posts\/41943\/revisions"}],"predecessor-version":[{"id":41949,"href":"https:\/\/www.fhycs.unam.edu.ar\/portada\/wp-json\/wp\/v2\/posts\/41943\/revisions\/41949"}],"wp:featuredmedia":[{"embeddable":true,"href":"https:\/\/www.fhycs.unam.edu.ar\/portada\/wp-json\/wp\/v2\/media\/41948"}],"wp:attachment":[{"href":"https:\/\/www.fhycs.unam.edu.ar\/portada\/wp-json\/wp\/v2\/media?parent=41943"}],"wp:term":[{"taxonomy":"category","embeddable":true,"href":"https:\/\/www.fhycs.unam.edu.ar\/portada\/wp-json\/wp\/v2\/categories?post=41943"},{"taxonomy":"post_tag","embeddable":true,"href":"https:\/\/www.fhycs.unam.edu.ar\/portada\/wp-json\/wp\/v2\/tags?post=41943"}],"curies":[{"name":"wp","href":"https:\/\/api.w.org\/{rel}","templated":true}]}}