{"id":41950,"date":"2026-08-31T10:52:07","date_gmt":"2026-08-31T13:52:07","guid":{"rendered":"https:\/\/www.fhycs.unam.edu.ar\/portada\/?p=41950"},"modified":"2026-08-31T10:58:10","modified_gmt":"2026-08-31T13:58:10","slug":"la-fhycs-sera-sede-del-ix-seminario-internacional-del-ciibercid","status":"publish","type":"post","link":"https:\/\/www.fhycs.unam.edu.ar\/portada\/la-fhycs-sera-sede-del-ix-seminario-internacional-del-ciibercid\/","title":{"rendered":"La FHyCS ser\u00e1 sede del IX Seminario Internacional del CIIBERCID"},"content":{"rendered":"<p><img loading=\"lazy\" class=\"size-medium wp-image-41951 alignleft\" src=\"https:\/\/www.fhycs.unam.edu.ar\/portada\/wp-content\/uploads\/2026\/08\/0-2-240x300.png\" alt=\"\" width=\"240\" height=\"300\" srcset=\"https:\/\/www.fhycs.unam.edu.ar\/portada\/wp-content\/uploads\/2026\/08\/0-2-240x300.png 240w, https:\/\/www.fhycs.unam.edu.ar\/portada\/wp-content\/uploads\/2026\/08\/0-2-819x1024.png 819w, https:\/\/www.fhycs.unam.edu.ar\/portada\/wp-content\/uploads\/2026\/08\/0-2-768x960.png 768w, https:\/\/www.fhycs.unam.edu.ar\/portada\/wp-content\/uploads\/2026\/08\/0-2.png 1080w\" sizes=\"(max-width: 240px) 100vw, 240px\" \/><\/p>\n<p><span class=\"fontstyle2\">Los d\u00ed as 28, 29 y 30 de octubre, la Facultad de Humanidades y Ciencias Sociales de la Universidad Nacional de Misiones (FHyCS-UNaM) sera sede del IX Seminario Internacional del C\u00edrculo Iberoamericano de Ciencia de la Informaci\u00f3n Documental -CIIBERCID*-, el cual contara con la participaci\u00f3n de destacados expositores de diversos pa\u00edses. El lema este a\u00f1o es: <\/span><span class=\"fontstyle3\">\u201c<\/span><span class=\"fontstyle4\">Relaciones y tensiones entre la Ciencia de la Informaci\u00f3n y la Inteligencia Artificial<\/span><span class=\"fontstyle2\">\u201d.<\/span><\/p>\n<blockquote>\n<h3 style=\"text-align: right;\"><!--more--><\/h3>\n<h3 style=\"text-align: right;\"><span style=\"color: #008080;\">Se realizar\u00e1 durante los d\u00edas 28, 29 y 30 de octubre de 2026 <\/span><\/h3>\n<h3 style=\"text-align: right;\"><span style=\"color: #008080;\"><span class=\"fontstyle0\">M\u00e1s informaci\u00f3n: <\/span><span class=\"fontstyle0\">circulo.ibercid@gmail.com<\/span><\/span><\/h3>\n<\/blockquote>\n<p class=\"isSelectedEnd\"><strong>El seminario tiene como objetivos:<\/strong><\/p>\n<p class=\"isSelectedEnd\">\u2756 Evidenciar las tensiones, desaf\u00edos y posibilidades que plantea la IA para el campo de la Ciencia de la Informaci\u00f3n.<\/p>\n<p class=\"isSelectedEnd\">\u2756 Reflexionar acerca de las pol\u00edticas en torno al uso de la IA en \u00e1mbitos acad\u00e9micos, profesionales y productivos.<\/p>\n<p class=\"isSelectedEnd\">\u2756 Generar un espacio de reflexi\u00f3n acerca de la problem\u00e1tica y su impacto filos\u00f3fico para la disciplina.<\/p>\n<p class=\"isSelectedEnd\">\u2756 Conocer el estado de situaci\u00f3n en diversos pa\u00edses iberoamericanos.<\/p>\n<p class=\"isSelectedEnd\"><em>El CIIBERCID es un grupo creado en 2018, en M\u00e9xico, cuyo objetivo es conformar una red de investigadores de Iberoam\u00e9rica que construya ideas y teor\u00edas originales sobre la Ciencia de la Informaci\u00f3n Documental. Actualmente, re\u00fane a investigadores en epistemolog\u00eda y ciencia de la informaci\u00f3n de diversos pa\u00edses (Argentina, Bolivia, Brasil, Colombia, Costa Rica, Cuba, Espa\u00f1a, M\u00e9xico, Paraguay, Portugal y Uruguay). Su coordinaci\u00f3n es rotativa y los integrantes se re\u00fanen peri\u00f3dicamente de manera virtual. Durante el a\u00f1o se concreta el seminario presencial, que se realiza en el pa\u00eds del coordinador de turno.<\/em><\/p>\n<p class=\"isSelectedEnd\">Cabe recordar que este seminario fue aprobado como actividad de investigaci\u00f3n por Res. H.C.D. N.\u00ba 104\/26, en el marco del Proyecto de Investigaci\u00f3n: 16\/H2336-PI, \u201cAproximaci\u00f3n a los elementos del metasistema informativo-documental: una mirada epistemol\u00f3gica. Segunda etapa\u201d.<\/p>\n<p class=\"isSelectedEnd\">Est\u00e1 dirigido a investigadores, docentes, profesionales y alumnos del \u00e1mbito de la Bibliotecolog\u00eda y la Ciencia de la Informaci\u00f3n, as\u00ed como a todo p\u00fablico interesado en la tem\u00e1tica.<\/p>\n<p>Se desarrollar\u00e1 de manera h\u00edbrida: presencialmente, en la sala del Consejo Directivo de la FHyCS (Tucum\u00e1n 1946, 1.\u00ba piso), y se transmitir\u00e1 en vivo a trav\u00e9s del canal de YouTube Apoyo Did\u00e1ctico FHyCS-UNaM, desde las 14 h (UTC-3).<\/p>\n<p><span class=\"fontstyle0\">No requiere inscripci\u00f3n previa y se otorgar\u00e1n certificados a los participantes que se acrediten <\/span><span class=\"fontstyle2\">in situ <\/span><span class=\"fontstyle0\">antes de cada jornada, o que completen el formulario de asistencia virtual, que circulara durante la transmisi\u00f3n.<\/span><\/p>\n<p><span class=\"fontstyle0\">(Fuente: Coordinacio n CIIBERCID 2026)<\/span><\/p>\n<p>&nbsp;<\/p>\n","protected":false},"excerpt":{"rendered":"<p>Los d\u00ed as 28, 29 y 30 de octubre, la Facultad de Humanidades y Ciencias Sociales de la Universidad Nacional de Misiones (FHyCS-UNaM) sera sede del IX Seminario Internacional del C\u00edrculo Iberoamericano de Ciencia de la Informaci\u00f3n Documental -CIIBERCID*-, el cual contara con la participaci\u00f3n de destacados expositores de diversos pa\u00edses. El lema este a\u00f1o [&hellip;]<\/p>\n","protected":false},"author":10,"featured_media":0,"comment_status":"closed","ping_status":"closed","sticky":false,"template":"","format":"standard","meta":{"extendify_custom_stylesheet":""},"categories":[73],"tags":[5,6306],"_links":{"self":[{"href":"https:\/\/www.fhycs.unam.edu.ar\/portada\/wp-json\/wp\/v2\/posts\/41950"}],"collection":[{"href":"https:\/\/www.fhycs.unam.edu.ar\/portada\/wp-json\/wp\/v2\/posts"}],"about":[{"href":"https:\/\/www.fhycs.unam.edu.ar\/portada\/wp-json\/wp\/v2\/types\/post"}],"author":[{"embeddable":true,"href":"https:\/\/www.fhycs.unam.edu.ar\/portada\/wp-json\/wp\/v2\/users\/10"}],"replies":[{"embeddable":true,"href":"https:\/\/www.fhycs.unam.edu.ar\/portada\/wp-json\/wp\/v2\/comments?post=41950"}],"version-history":[{"count":2,"href":"https:\/\/www.fhycs.unam.edu.ar\/portada\/wp-json\/wp\/v2\/posts\/41950\/revisions"}],"predecessor-version":[{"id":41953,"href":"https:\/\/www.fhycs.unam.edu.ar\/portada\/wp-json\/wp\/v2\/posts\/41950\/revisions\/41953"}],"wp:attachment":[{"href":"https:\/\/www.fhycs.unam.edu.ar\/portada\/wp-json\/wp\/v2\/media?parent=41950"}],"wp:term":[{"taxonomy":"category","embeddable":true,"href":"https:\/\/www.fhycs.unam.edu.ar\/portada\/wp-json\/wp\/v2\/categories?post=41950"},{"taxonomy":"post_tag","embeddable":true,"href":"https:\/\/www.fhycs.unam.edu.ar\/portada\/wp-json\/wp\/v2\/tags?post=41950"}],"curies":[{"name":"wp","href":"https:\/\/api.w.org\/{rel}","templated":true}]}}