{"id":42005,"date":"2026-09-04T09:34:05","date_gmt":"2026-09-04T12:34:05","guid":{"rendered":"https:\/\/www.fhycs.unam.edu.ar\/portada\/?p=42005"},"modified":"2026-09-04T11:19:21","modified_gmt":"2026-09-04T14:19:21","slug":"disposicion-1769-26","status":"publish","type":"post","link":"https:\/\/www.fhycs.unam.edu.ar\/portada\/disposicion-1769-26\/","title":{"rendered":"Llamado a concurso docente Disposici\u00f3n N\u00ba 1769\/26"},"content":{"rendered":"<p><strong>LLAMADOS A CONCURSOS P\u00daBLICOS Y ABIERTOS, DE ANTECEDENTES Y OPOSICI\u00d3N PARA COBERTURA DE CARGOS DOCENTES<\/strong><\/p>\n<p><a href=\"https:\/\/www.fhycs.unam.edu.ar\/portada\/concursos\/\">VER CONCURSOS AQU\u00cd<\/a><\/p>\n<table width=\"103%\">\n<thead>\n<tr>\n<td width=\"4%\"><strong>N\u00b0<\/strong><\/td>\n<td width=\"20%\"><strong>CARGO<\/strong><\/td>\n<td width=\"26%\"><strong>ASIGNATURA<\/strong><\/td>\n<td width=\"32%\">\n<h3>CARRERA<\/h3>\n<\/td>\n<td width=\"15%\">\n<h3>PLAZO DE INSCRIPCI\u00d3N<\/h3>\n<\/td>\n<\/tr>\n<\/thead>\n<tbody>\n<tr>\n<td width=\"4%\"><strong>1<\/strong><\/td>\n<td width=\"20%\"><strong>PROFESOR\/A<\/strong><\/p>\n<p><strong>JEFE\/A DE TRABAJOS PR\u00c1CTICOS<\/strong><\/p>\n<p><strong>Dedicaci\u00f3n Simple<\/strong><\/p>\n<p><strong>\u00a0(1 cargo)<\/strong><\/td>\n<td width=\"26%\"><strong>TALLER DE MANIFESTACIONES CULTURALES DE LA REGI\u00d3N <\/strong>(2\u00ba A\u00f1o &#8211; cuatrimestral)<\/p>\n<p>con afectaci\u00f3n a<\/p>\n<p><strong>TALLER DE HISTORIA REGIONAL<\/strong><\/p>\n<p>(1\u00ba A\u00f1o &#8211; cuatrimestral)<\/p>\n<p><a href=\"https:\/\/www.fhycs.unam.edu.ar\/portada\/wp-content\/uploads\/2026\/09\/Resolucion-297-Taller-de-Manifestaciones-Culturales-con-af-a-Taller-de-Historia-Regional.pdf\" target=\"_blank\" rel=\"noopener\">Resol. N\u00b0 297\/26<\/a><\/td>\n<td width=\"32%\">\u00b7\u00a0 \u00a0Gu\u00eda de Turismo<\/td>\n<td width=\"15%\">\n<h3>Desde: 07\/09\/26<\/h3>\n<h3>Hasta:<\/h3>\n<h3>25\/09\/26<\/h3>\n<\/td>\n<\/tr>\n<tr>\n<td width=\"4%\"><strong>\u00a0<\/strong><\/p>\n<p><strong>2<\/strong><\/td>\n<td width=\"20%\"><strong>PROFESOR\/A<\/strong><\/p>\n<p><strong>JEFE\/A DE TRABAJOS PR\u00c1CTICOS<\/strong><\/p>\n<p><strong>Dedicaci\u00f3n Simple<\/strong><\/p>\n<p><strong>\u00a0(1 cargo)<\/strong><\/td>\n<td width=\"26%\"><strong>SERVICIOS TURISTICOS II <\/strong><\/p>\n<p>(2\u00ba A\u00f1o &#8211; Anual)<\/p>\n<p><a href=\"https:\/\/www.fhycs.unam.edu.ar\/portada\/wp-content\/uploads\/2026\/09\/Resolucion-298-Servicios-Turisticos-II.pdf\" target=\"_blank\" rel=\"noopener\">Resol. N\u00b0 298\/26<\/a><\/td>\n<td width=\"32%\">\u00b7Licenciatura en Turismo<\/td>\n<td width=\"15%\">\n<h3>Desde: 08\/09\/26<\/h3>\n<h3>Hasta:<\/h3>\n<h3>28\/09\/26<\/h3>\n<\/td>\n<\/tr>\n<tr>\n<td width=\"4%\"><strong>\u00a0<\/strong><\/p>\n<p><strong>3<\/strong><\/td>\n<td width=\"20%\"><strong>PROFESOR\/A<\/strong><\/p>\n<p><strong>JEFE\/A DE TRABAJOS PR\u00c1CTICOS<\/strong><\/p>\n<p><strong>Dedicaci\u00f3n Simple<\/strong><\/p>\n<p><strong>(1 cargo)<\/strong><\/td>\n<td width=\"26%\"><strong>INTRODUCCION AL MARKETING DE SERVICIOS <\/strong><\/p>\n<p>(1\u00ba A\u00f1o &#8211; cuatrimestral)<\/p>\n<p>con afectaci\u00f3n a<\/p>\n<p><strong>LABORATORIO INTEGRADO DE MARKETING<\/strong><\/p>\n<p>(3\u00ba A\u00f1o &#8211; cuatrimestral)<\/p>\n<p><a href=\"https:\/\/www.fhycs.unam.edu.ar\/portada\/wp-content\/uploads\/2026\/09\/Resolucion-299-Introduccion-al-Marketing-de-Servicios-con-af-a-Laboratorio-Integrado-de-Marketing.pdf\" target=\"_blank\" rel=\"noopener\">Resol. N\u00b0 299\/26<\/a><\/td>\n<td width=\"32%\">\u00b7\u00a0 Licenciatura en Turismo<\/td>\n<td width=\"15%\">\n<h3>Desde: 09\/09\/26<\/h3>\n<h3>Hasta:<\/h3>\n<h3>29\/09\/26<\/h3>\n<\/td>\n<\/tr>\n<tr>\n<td width=\"4%\"><strong>4 <\/strong><\/td>\n<td width=\"20%\"><strong>PROFESOR\/A<\/strong><\/p>\n<p><strong>JEFE\/A DE TRABAJOS PR\u00c1CTICOS<\/strong><\/p>\n<p><strong>Dedicaci\u00f3n Simple<\/strong><\/p>\n<p><strong>(1 cargo)<\/strong><\/td>\n<td width=\"26%\"><strong>INTRODUCCION A LA ANTROPOLOGIA SOCIAL Y CULTURAL<\/strong><\/p>\n<p>(1\u00ba A\u00f1o &#8211; Anual)<\/p>\n<p><a href=\"https:\/\/www.fhycs.unam.edu.ar\/portada\/wp-content\/uploads\/2026\/09\/Resolucion-300-Introduccion-a-la-Antropolgia-Social-y-Cultural.pdf\" target=\"_blank\" rel=\"noopener\">Resol. N\u00b0 300\/26<\/a><\/td>\n<td width=\"32%\">\u00b7\u00a0 Licenciatura en Antropolog\u00eda Social<\/p>\n<p>\u00b7\u00a0 \u00a0Licenciatura en Trabajo Social<\/p>\n<p>\u00b7\u00a0 Profesorado en Historia con Orientaci\u00f3n en Ciencias Sociales.<\/p>\n<p>\u00b7\u00a0 Licenciatura en Historia<\/p>\n<p>\u00b7\u00a0 Licenciatura en Letras (optativa)<\/td>\n<td width=\"15%\">\n<h3>Desde: 10\/09\/26<\/h3>\n<h3>Hasta:<\/h3>\n<h3>30\/09\/26<\/h3>\n<\/td>\n<\/tr>\n<tr>\n<td width=\"4%\">&nbsp;<\/p>\n<p><strong>5<\/strong><\/td>\n<td width=\"20%\"><strong>PROFESOR\/A<\/strong><\/p>\n<p><strong>JEFE\/A DE TRABAJOS PR\u00c1CTICOS<\/strong><\/p>\n<p><strong>Dedicaci\u00f3n Simple<\/strong><\/p>\n<p><strong>(1 cargo)<\/strong><\/td>\n<td width=\"26%\"><strong>\u201cDIDACTICA ESPECIAL\u201d<\/strong><\/p>\n<p>(3\u00b0 A\u00f1o-Anual)<\/p>\n<p><a href=\"https:\/\/www.fhycs.unam.edu.ar\/portada\/wp-content\/uploads\/2026\/09\/Resolucion-301-Didactica-Especial.pdf\" target=\"_blank\" rel=\"noopener\">Resol. N\u00b0 301\/26<\/a><\/td>\n<td width=\"32%\">\u00b7\u00a0 Profesorado en Educaci\u00f3n Especial<\/td>\n<td width=\"15%\">\n<h3>Desde: 11\/09\/26<\/h3>\n<h3>Hasta:<\/h3>\n<h3>01\/10\/26<\/h3>\n<p>&nbsp;<\/td>\n<\/tr>\n<tr>\n<td width=\"4%\"><strong>6<\/strong><\/td>\n<td width=\"20%\"><strong>PROFESOR\/A<\/strong><\/p>\n<p><strong>ADJUNTO\/A<\/strong><\/p>\n<p><strong>Dedicaci\u00f3n Simple<\/strong><\/p>\n<p><strong>(1 cargo)<\/strong><\/td>\n<td width=\"26%\"><strong>ESTRUCTURA Y DESARROLLO PSIQUICO I <\/strong>(1\u00b0a\u00f1o-1\u00ba Cuatrimestre)<\/p>\n<p>con afectaci\u00f3n a<\/p>\n<p><strong>ESTRUCTURA Y DESARROLLO PSIQUICO II <\/strong>(1\u00b0a\u00f1o-2\u00ba Cuatrimestre)<\/p>\n<p><a href=\"https:\/\/www.fhycs.unam.edu.ar\/portada\/wp-content\/uploads\/2026\/09\/Resolucion-302-Estructura-y-Desarrollo-Psiquico-I-con-a-f-a-Estructura-y-Desarrollo-Psiquico-II.pdf\" target=\"_blank\" rel=\"noopener\">Resol. N\u00b0 302\/26<\/a><\/td>\n<td width=\"32%\">\u00b7\u00a0 Profesorado en Educaci\u00f3n Especial<\/td>\n<td width=\"15%\">\n<h3>Desde: 14\/09\/26<\/h3>\n<h3>Hasta:<\/h3>\n<h3>02\/10\/26<\/h3>\n<h3><\/h3>\n<\/td>\n<\/tr>\n<\/tbody>\n<\/table>\n<p><strong>\u00a0<\/strong><strong>INFORMES E INSCRIPCI\u00d3N PRESENCIALES<\/strong>: Direcci\u00f3n de Concursos Docentes \u2013 Secretar\u00eda Acad\u00e9mica Adjunta, 1er Piso &#8211; Facultad de Humanidades y Ciencias Sociales &#8211; U.Na.M. &#8211; Calle Tucum\u00e1n N\u00ba 1946 \u2013 Posadas &#8211; Misiones.<\/p>\n<p><strong>CONSULTAS AL CORREO ELECTR\u00d3NICO<\/strong>: <a href=\"mailto:concursosdocentes@fhycs.unam.edu.ar\">concursosdocentes@fhycs.unam.edu.ar<\/a><\/p>\n<p><strong>HORARIO DE INFORMES E INSCRIPCI\u00d3N PRESENCIAL<\/strong>: lunes a viernes de 07:30 a 12:00 hs.<\/p>\n<p><strong>REQUISITOS<\/strong>: Poseer T\u00edtulo de Grado Universitario; Acreditar Formaci\u00f3n y labor en Docencia Universitaria, de acuerdo al cargo concursado (Art\u00edculos 9\u00ba al 11\u00ba de la Ordenanza CS N\u00ba 082\/17 y Art\u00edculo 5\u00ba, de la Ordenanza CS N\u00ba 051\/25) y requisitos de Perfil, estipulados en cada llamado a concurso.<\/p>\n<p>P\u00e1gina Web http\/\/www.fhycs.unam.edu.ar<\/p>\n","protected":false},"excerpt":{"rendered":"<p>LLAMADOS A CONCURSOS P\u00daBLICOS Y ABIERTOS, DE ANTECEDENTES Y OPOSICI\u00d3N PARA COBERTURA DE CARGOS DOCENTES VER CONCURSOS AQU\u00cd N\u00b0 CARGO ASIGNATURA CARRERA PLAZO DE INSCRIPCI\u00d3N 1 PROFESOR\/A JEFE\/A DE TRABAJOS PR\u00c1CTICOS Dedicaci\u00f3n Simple \u00a0(1 cargo) TALLER DE MANIFESTACIONES CULTURALES DE LA REGI\u00d3N (2\u00ba A\u00f1o &#8211; cuatrimestral) con afectaci\u00f3n a TALLER DE HISTORIA REGIONAL (1\u00ba A\u00f1o [&hellip;]<\/p>\n","protected":false},"author":10,"featured_media":18316,"comment_status":"closed","ping_status":"closed","sticky":false,"template":"","format":"standard","meta":{"extendify_custom_stylesheet":""},"categories":[10,1,5552],"tags":[6307],"_links":{"self":[{"href":"https:\/\/www.fhycs.unam.edu.ar\/portada\/wp-json\/wp\/v2\/posts\/42005"}],"collection":[{"href":"https:\/\/www.fhycs.unam.edu.ar\/portada\/wp-json\/wp\/v2\/posts"}],"about":[{"href":"https:\/\/www.fhycs.unam.edu.ar\/portada\/wp-json\/wp\/v2\/types\/post"}],"author":[{"embeddable":true,"href":"https:\/\/www.fhycs.unam.edu.ar\/portada\/wp-json\/wp\/v2\/users\/10"}],"replies":[{"embeddable":true,"href":"https:\/\/www.fhycs.unam.edu.ar\/portada\/wp-json\/wp\/v2\/comments?post=42005"}],"version-history":[{"count":3,"href":"https:\/\/www.fhycs.unam.edu.ar\/portada\/wp-json\/wp\/v2\/posts\/42005\/revisions"}],"predecessor-version":[{"id":42029,"href":"https:\/\/www.fhycs.unam.edu.ar\/portada\/wp-json\/wp\/v2\/posts\/42005\/revisions\/42029"}],"wp:featuredmedia":[{"embeddable":true,"href":"https:\/\/www.fhycs.unam.edu.ar\/portada\/wp-json\/wp\/v2\/media\/18316"}],"wp:attachment":[{"href":"https:\/\/www.fhycs.unam.edu.ar\/portada\/wp-json\/wp\/v2\/media?parent=42005"}],"wp:term":[{"taxonomy":"category","embeddable":true,"href":"https:\/\/www.fhycs.unam.edu.ar\/portada\/wp-json\/wp\/v2\/categories?post=42005"},{"taxonomy":"post_tag","embeddable":true,"href":"https:\/\/www.fhycs.unam.edu.ar\/portada\/wp-json\/wp\/v2\/tags?post=42005"}],"curies":[{"name":"wp","href":"https:\/\/api.w.org\/{rel}","templated":true}]}}