{"id":491,"date":"2014-05-26T15:51:19","date_gmt":"2014-05-26T15:51:19","guid":{"rendered":"http:\/\/www.fhycs.unam.edu.ar\/portada\/?p=491"},"modified":"2015-06-01T22:01:48","modified_gmt":"2015-06-01T22:01:48","slug":"tecnicatura-en-gestion-universitaria-los-no-docentes-se-perfeccionan","status":"publish","type":"post","link":"https:\/\/www.fhycs.unam.edu.ar\/portada\/tecnicatura-en-gestion-universitaria-los-no-docentes-se-perfeccionan\/","title":{"rendered":"Tecnicatura en Gesti\u00f3n Universitaria: los No Docentes se perfeccionan"},"content":{"rendered":"<p style=\"text-align: justify;\">LA TGU se dicta en la Facultad de Humanidades y Ciencias Sociales y es la primer oferta acad\u00e9mica dirigida al personal de la UNaM. La preocupaci\u00f3n gremial por la profesionalizaci\u00f3n del sector fue atendida por la FHyCS quien dio curso al dictado de la tecnicatura.<\/p>\n<p style=\"text-align: justify;\">Aprobada en 2012, el cursado comenz\u00f3 al a\u00f1o siguiente en el\u00a0Edificio J. Figueredo, de la FHyCS, con un horario adaptado a la condici\u00f3n particular de los estudiantes que obtienen una\u00a0licencia especial para capacitaci\u00f3n para asistir a las clases.\u00a0Este horario contempla tambi\u00e9n, a los trabajadores que provienen de otras facultades de la UNaM (Ap\u00f3stoles, Ober\u00e1, Eldorado).<\/p>\n<p style=\"text-align: justify;\"><code><iframe loading=\"lazy\" style=\"border: 1px solid #CCC; border-width: 1px; margin-bottom: 5px; max-width: 100%;\" src=\"\/\/es.slideshare.net\/slideshow\/embed_code\/key\/nVe2tZVA8MJXsT\" width=\"600\" height=\"750\" frameborder=\"0\" marginwidth=\"0\" marginheight=\"0\" scrolling=\"no\" allowfullscreen=\"allowfullscreen\"> <\/iframe><br \/>\n<\/code><\/p>\n<div style=\"margin-bottom: 5px; text-align: justify;\"><strong> <a title=\"Plan Tecnicatura en Gesti\u00f3n Universitaria \" href=\"\/\/es.slideshare.net\/stellamarisecheva\/plan-tecnicatura-en-gestin-universitaria\" target=\"_blank\">Plan Tecnicatura en Gesti\u00f3n Universitaria <\/a><\/strong><\/div>\n<p style=\"text-align: justify;\">El\u00a0plan de estudio, se articula saberes te\u00f3ricos, y la carga experimental que trae consigo el estudiante desde la pr\u00e1ctica cotidiana, haciendo foco en el an\u00e1lisis y la cr\u00edtica sobre esas mismas actividades, para lograr realizar propuestas de mejoras, tanto administrativas o estructurales.<\/p>\n","protected":false},"excerpt":{"rendered":"<p>LA TGU se dicta en la Facultad de Humanidades y Ciencias Sociales y es la primer oferta acad\u00e9mica dirigida al personal de la UNaM. La preocupaci\u00f3n gremial por la profesionalizaci\u00f3n del sector fue atendida por la FHyCS quien dio curso al dictado de la tecnicatura. Aprobada en 2012, el cursado comenz\u00f3 al a\u00f1o siguiente en [&hellip;]<\/p>\n","protected":false},"author":2,"featured_media":0,"comment_status":"open","ping_status":"open","sticky":false,"template":"","format":"standard","meta":{"extendify_custom_stylesheet":""},"categories":[76,3,10,1],"tags":[78,77],"_links":{"self":[{"href":"https:\/\/www.fhycs.unam.edu.ar\/portada\/wp-json\/wp\/v2\/posts\/491"}],"collection":[{"href":"https:\/\/www.fhycs.unam.edu.ar\/portada\/wp-json\/wp\/v2\/posts"}],"about":[{"href":"https:\/\/www.fhycs.unam.edu.ar\/portada\/wp-json\/wp\/v2\/types\/post"}],"author":[{"embeddable":true,"href":"https:\/\/www.fhycs.unam.edu.ar\/portada\/wp-json\/wp\/v2\/users\/2"}],"replies":[{"embeddable":true,"href":"https:\/\/www.fhycs.unam.edu.ar\/portada\/wp-json\/wp\/v2\/comments?post=491"}],"version-history":[{"count":4,"href":"https:\/\/www.fhycs.unam.edu.ar\/portada\/wp-json\/wp\/v2\/posts\/491\/revisions"}],"predecessor-version":[{"id":516,"href":"https:\/\/www.fhycs.unam.edu.ar\/portada\/wp-json\/wp\/v2\/posts\/491\/revisions\/516"}],"wp:attachment":[{"href":"https:\/\/www.fhycs.unam.edu.ar\/portada\/wp-json\/wp\/v2\/media?parent=491"}],"wp:term":[{"taxonomy":"category","embeddable":true,"href":"https:\/\/www.fhycs.unam.edu.ar\/portada\/wp-json\/wp\/v2\/categories?post=491"},{"taxonomy":"post_tag","embeddable":true,"href":"https:\/\/www.fhycs.unam.edu.ar\/portada\/wp-json\/wp\/v2\/tags?post=491"}],"curies":[{"name":"wp","href":"https:\/\/api.w.org\/{rel}","templated":true}]}}