{"id":5878,"date":"2016-04-22T21:57:03","date_gmt":"2016-04-22T21:57:03","guid":{"rendered":"http:\/\/www.fhycs.unam.edu.ar\/portada\/?p=5878"},"modified":"2016-04-24T01:15:40","modified_gmt":"2016-04-24T01:15:40","slug":"la-fhycs-ya-tiene-una-consejeria-en-derechos-sexuales-y-reproductivos","status":"publish","type":"post","link":"https:\/\/www.fhycs.unam.edu.ar\/portada\/la-fhycs-ya-tiene-una-consejeria-en-derechos-sexuales-y-reproductivos\/","title":{"rendered":"La FHyCS ya tiene una Consejer\u00eda en Derechos Sexuales y Reproductivos"},"content":{"rendered":"<p style=\"text-align: justify;\"><img loading=\"lazy\" class=\"alignleft wp-image-5967\" src=\"https:\/\/www.fhycs.unam.edu.ar\/portada\/wp-content\/uploads\/2016\/04\/sexuality.jpg\" alt=\"sexuality\" width=\"273\" height=\"213\" srcset=\"https:\/\/www.fhycs.unam.edu.ar\/portada\/wp-content\/uploads\/2016\/04\/sexuality.jpg 1515w, https:\/\/www.fhycs.unam.edu.ar\/portada\/wp-content\/uploads\/2016\/04\/sexuality-300x234.jpg 300w, https:\/\/www.fhycs.unam.edu.ar\/portada\/wp-content\/uploads\/2016\/04\/sexuality-768x599.jpg 768w, https:\/\/www.fhycs.unam.edu.ar\/portada\/wp-content\/uploads\/2016\/04\/sexuality-1024x799.jpg 1024w, https:\/\/www.fhycs.unam.edu.ar\/portada\/wp-content\/uploads\/2016\/04\/sexuality-600x468.jpg 600w\" sizes=\"(max-width: 273px) 100vw, 273px\" \/>Funciona desde el lunes 4 de abril con la intensi\u00f3n de asesorar sobre estos derechos y las problem\u00e1ticas sexuales que aquejan a las y los estudiantes, despejando dudas y falta de informaci\u00f3n, al tiempo que se propone un acompa\u00f1amiento a las mujeres v\u00edctimas de violencia sexual.<!--more--><\/p>\n<p style=\"text-align: justify;\">El equipo encargado de ofrecer este servicio de asistencia y acompa\u00f1amiento est\u00e1 conformado por dos Trabajadoras Sociales: Alejandra Petit y Adriana Enciso y una Ginec\u00f3loga, Gladis Wagner, que realizan un trabajo personalizado con los pacientes que se presenten.<\/p>\n<blockquote>\n<p style=\"text-align: right;\"><span style=\"color: #008080;\"><strong>Funciona los lunes de 16:00 a 19:00 Hs. y los jueves de 10:00 a 12:00 Hs. en la PLanta Baja del edificio de San Lorenzo 2551, (casi Mitre) de Posadas<br \/>\n<\/strong><\/span><\/p>\n<\/blockquote>\n<p><code><iframe loading=\"lazy\" src=\"https:\/\/www.youtube.com\/embed\/kmOBswa35a0\" width=\"560\" height=\"315\" frameborder=\"0\" allowfullscreen=\"allowfullscreen\"><\/iframe><\/code><\/p>\n<p style=\"text-align: justify;\">Hasta el momento la conserjer\u00eda est\u00e1 destinada a estudiantes de la Facultad de Humanidades y Ciencias Sociales que soliciten alg\u00fan tipo de ayuda e informaci\u00f3n. Pero a partir del pr\u00f3ximo mes de mayo ser\u00e1 para toda la comunidad universitaria, ya que comenzar\u00e1n a realizar ciclos de charlas para la concientizaci\u00f3n sobre los derechos a la salud sexual, tema del que consideran hay much\u00edsima falta de conocimiento.<\/p>\n<h6><strong>La ra\u00edz del proyecto<\/strong><\/h6>\n<p style=\"text-align: justify;\">La Consejer\u00eda en Derechos Sexuales y Reproductivos (CeDSyR) naci\u00f3 a trav\u00e9s de las experiencias enriquecedoras en voluntariados y en el seno del <strong>Proyecto de Extensi\u00f3n \u201cCentro Flora Trist\u00e1n\u201d de la carrera de Trabajo Social<\/strong>, que se enfoca en trabajar la Ley de Salud Sexual y Procreaci\u00f3n Responsable (N\u00b025.673) que potencia a la creaci\u00f3n de este tipo de espacios.<\/p>\n<h6><strong>Algunos de los objetivos de este programa:<\/strong><\/h6>\n<ul>\n<li style=\"text-align: justify; line-height: 18.0pt;\">Alcanzar para la poblaci\u00f3n el nivel m\u00e1s elevado de salud sexual y procreaci\u00f3n responsable con el fin de que pueda adoptar decisiones libres de discriminaci\u00f3n, coacciones o violencia;<\/li>\n<li style=\"text-align: justify; line-height: 18.0pt;\">Disminuir la morbimortalidad materno-infantil;<\/li>\n<li style=\"text-align: justify; line-height: 18.0pt;\">Prevenir embarazos no deseados; d Promover la salud sexual de los adolescentes;<\/li>\n<li style=\"text-align: justify; line-height: 18.0pt;\">Contribuir a la prevenci\u00f3n y detecci\u00f3n precoz de enfermedades de transmisi\u00f3n sexual, de VIH\/sida y patolog\u00edas genital y mamarias;<\/li>\n<li style=\"text-align: justify; line-height: 18.0pt;\">Garantizar a toda la poblaci\u00f3n el acceso a la informaci\u00f3n, orientaci\u00f3n, m\u00e9todos y prestaciones de servicios referidos a la salud sexual y procreaci\u00f3n responsable;<\/li>\n<li style=\"text-align: justify; line-height: 18.0pt;\">Potenciar la participaci\u00f3n femenina en la toma de decisiones relativas a su salud sexual y procreaci\u00f3n responsable.<\/li>\n<\/ul>\n<p style=\"text-align: justify;\">La demanda generalizada a consultas y problem\u00e1ticas dentro de la Facultad, en cuanto a la toma de desiciones, en sus distintos espacios, encamin\u00f3 a la toma de decisi\u00f3n por parte de la instituci\u00f3n de abrir esta nueva \u00e1rea que garantice \u00a0el Bienestar Estudiantil en este sentido.<\/p>\n<p style=\"text-align: justify;\">Es parte de un trabajo institucional que hace dos a\u00f1os se est\u00e1 realizando articulado entre el <strong>Centro Flora Trist\u00e1n<\/strong>, el Departamento de Trabajo Social, la Secretar\u00eda de Bienestar Estudiantil y el Centro de Estudiantes de la FHyCS.<\/p>\n<p style=\"text-align: justify;\">Por otro lado, otra de las instituciones involucradas en el funcionamiento de esta consejer\u00eda es el Ministerio de Salud, a trav\u00e9s de programa de Salud Sexual y Reproductiva, ellos son los que ofrecen los insumos y materiales para llevar adelante la propuesta.<\/p>\n<blockquote>\n<p style=\"text-align: right;\"><span style=\"color: #008080;\">La sede de la Consejer\u00eda es en el Edificio Anexo de la FHyCS (San Lorenzo 2551, casi Av. Mitre) y los horarios de atenci\u00f3n son los d\u00edas lunes de 16:00 a 19:00 y los jueves de 10:00 a 12:00, asimismo informan que a partir de la segunda semana de abril, brindar\u00e1n diferentes m\u00e9todos de anticoncepci\u00f3n, que ser\u00e1n de distribuci\u00f3n libre y gratuita.<\/span><\/p>\n<p style=\"text-align: right;\"><strong>Contactos:<\/strong><\/p>\n<p style=\"text-align: right;\"><strong>Tel:<\/strong> 4431120<\/p>\n<p style=\"text-align: right;\"><strong>E-Mail:<\/strong> consejeriasaludsyr@gmail.com<\/p>\n<\/blockquote>\n","protected":false},"excerpt":{"rendered":"<p>Funciona desde el lunes 4 de abril con la intensi\u00f3n de asesorar sobre estos derechos y las problem\u00e1ticas sexuales que aquejan a las y los estudiantes, despejando dudas y falta de informaci\u00f3n, al tiempo que se propone un acompa\u00f1amiento a las mujeres v\u00edctimas de violencia sexual.<\/p>\n","protected":false},"author":5,"featured_media":5980,"comment_status":"open","ping_status":"open","sticky":false,"template":"","format":"standard","meta":{"extendify_custom_stylesheet":""},"categories":[39,801,224,62],"tags":[802,803,809],"_links":{"self":[{"href":"https:\/\/www.fhycs.unam.edu.ar\/portada\/wp-json\/wp\/v2\/posts\/5878"}],"collection":[{"href":"https:\/\/www.fhycs.unam.edu.ar\/portada\/wp-json\/wp\/v2\/posts"}],"about":[{"href":"https:\/\/www.fhycs.unam.edu.ar\/portada\/wp-json\/wp\/v2\/types\/post"}],"author":[{"embeddable":true,"href":"https:\/\/www.fhycs.unam.edu.ar\/portada\/wp-json\/wp\/v2\/users\/5"}],"replies":[{"embeddable":true,"href":"https:\/\/www.fhycs.unam.edu.ar\/portada\/wp-json\/wp\/v2\/comments?post=5878"}],"version-history":[{"count":16,"href":"https:\/\/www.fhycs.unam.edu.ar\/portada\/wp-json\/wp\/v2\/posts\/5878\/revisions"}],"predecessor-version":[{"id":5970,"href":"https:\/\/www.fhycs.unam.edu.ar\/portada\/wp-json\/wp\/v2\/posts\/5878\/revisions\/5970"}],"wp:featuredmedia":[{"embeddable":true,"href":"https:\/\/www.fhycs.unam.edu.ar\/portada\/wp-json\/wp\/v2\/media\/5980"}],"wp:attachment":[{"href":"https:\/\/www.fhycs.unam.edu.ar\/portada\/wp-json\/wp\/v2\/media?parent=5878"}],"wp:term":[{"taxonomy":"category","embeddable":true,"href":"https:\/\/www.fhycs.unam.edu.ar\/portada\/wp-json\/wp\/v2\/categories?post=5878"},{"taxonomy":"post_tag","embeddable":true,"href":"https:\/\/www.fhycs.unam.edu.ar\/portada\/wp-json\/wp\/v2\/tags?post=5878"}],"curies":[{"name":"wp","href":"https:\/\/api.w.org\/{rel}","templated":true}]}}