{"id":6412,"date":"2016-05-19T12:35:38","date_gmt":"2016-05-19T12:35:38","guid":{"rendered":"http:\/\/www.fhycs.unam.edu.ar\/portada\/?p=6412"},"modified":"2016-05-19T12:35:38","modified_gmt":"2016-05-19T12:35:38","slug":"inscriben-a-la-diplomatura-superior-en-aplicacion-de-las-tics-en-la-docencia","status":"publish","type":"post","link":"https:\/\/www.fhycs.unam.edu.ar\/portada\/inscriben-a-la-diplomatura-superior-en-aplicacion-de-las-tics-en-la-docencia\/","title":{"rendered":"Inscriben a la Diplomatura Superior en Aplicaci\u00f3n de las TIC\u2019S en la docencia"},"content":{"rendered":"<p style=\"text-align: justify;\"><img loading=\"lazy\" class=\"size-medium wp-image-6417 alignleft\" src=\"https:\/\/www.fhycs.unam.edu.ar\/portada\/wp-content\/uploads\/2016\/05\/ver-300x116.jpg\" alt=\"ver\" width=\"300\" height=\"116\" srcset=\"https:\/\/www.fhycs.unam.edu.ar\/portada\/wp-content\/uploads\/2016\/05\/ver-300x116.jpg 300w, https:\/\/www.fhycs.unam.edu.ar\/portada\/wp-content\/uploads\/2016\/05\/ver-600x233.jpg 600w, https:\/\/www.fhycs.unam.edu.ar\/portada\/wp-content\/uploads\/2016\/05\/ver.jpg 640w\" sizes=\"(max-width: 300px) 100vw, 300px\" \/>El curso se realiza en el marco del convenio entre el <strong>Instituto de Estudios integrados Esteban Lugo<\/strong> y la <strong>Facultad de Humanidades y Ciencias Sociales de la UNaM. <\/strong>Tiene una totalidad de 600 horas y otorga 3 puntos de valoraci\u00f3n docente.<!--more--><\/p>\n<p style=\"text-align: justify;\">La <strong><em>Diplomatura Superior en Aplicaci\u00f3n de las TIC\u2019S en la docencia-latex<\/em><\/strong> est\u00e1 orientada a profesionales, profesores, directivos y funcionarios motivados en desarrollar competencias digitales para implementar proyectos de innovaci\u00f3n curricular con TIC\u00b4S. Ser\u00e1 dictado por el <a href=\"http:\/\/www.mundiario.com\/articulo\/politica\/khalid-asslami-icono-marroqui-enfrenta-desafios-integracion-america-latina\/20151228194351051518.html\" target=\"_blank\"><strong>Ing.Khalid Asslami<\/strong> <\/a>de Marruecos qui\u00e9n cuenta con una formaci\u00f3n y reconocida trayectoria destacada en la tem\u00e1tica.<\/p>\n<p style=\"text-align: justify;\">L diplomatura brinda a quien la cursa las herramientas necesarias para la investigaci\u00f3n, y para trabajar sus contenidos integrando Tecnolog\u00edas de la Informaci\u00f3n y la Comunicaci\u00f3n en los procesos de ense\u00f1anza\/aprendizaje, favoreciendo el aprendizaje aut\u00f3nomo, colaborativo y equitativo; que permitir\u00e1 actualizar y fortalecer las habilidades y competencias profesionales.<\/p>\n<p style=\"text-align: justify;\">El programa de la diplomatura propone enriquecer a los profesionales de las distintas \u00e1reas del conocimiento en cuanto a los recursos y aplicaciones tecnol\u00f3gicas para convertirlas en herramientas para el docente dentro de sus pr\u00e1cticas pedag\u00f3gicas.<\/p>\n<p style=\"text-align: justify;\">Lo particular de esta propuesta es que se trabajar\u00e1 con el sistema\u00a0<a href=\"https:\/\/es.wikipedia.org\/wiki\/LaTeX\" target=\"_blank\">LaTeX <\/a>es un sistema de composici\u00f3n de textos que est\u00e1 formado mayoritariamente por \u00f3rdenes construidas a partir de comandos de <a title=\"TeX\" href=\"https:\/\/es.wikipedia.org\/wiki\/TeX\">TeX<\/a> \u2014un lenguaje \u00abde nivel bajo\u00bb, en el sentido de que sus acciones \u00faltimas son muy elementales\u2014 pero con la ventaja a\u00f1adida de \u00abpoder aumentar las capacidades de LaTeX utilizando comandos propios\u00bb.\u00a0Esto es lo que convierte a este programa en una herramienta pr\u00e1ctica y \u00fatil debido a su facilidad de uso, se une toda la potencia de TeX.<\/p>\n<blockquote>\n<p style=\"text-align: right;\"><span style=\"color: #008080;\">Comienza el <strong>viernes 3 de Junio a las 18:00 hs.<\/strong> en la Facultad de Humanidades y Ciencias Sociales- UNaM y el <strong>s\u00e1bado 4 de Junio<\/strong> comienza en Ober\u00e1 en la Sede del instituto de estudios integrados Esteban Lugo (Erasmie 280 y Beruti)<\/span><strong><span style=\"color: #008080;\"> \u00a0<\/span><\/strong><\/p>\n<\/blockquote>\n<h6><strong>Objetivos espec\u00edficos:<\/strong><\/h6>\n<ul>\n<li>Analizar \u00a0las\u00a0 \u00a0competencias\u00a0 \u00a0TIC\u00a0 \u00a0para\u00a0 \u00a0la\u00a0 \u00a0docencia\u00a0 \u00a0identificando dimensiones y sub-dimensiones. Analizar las habilidades TIC para el aprendizaje.<\/li>\n<li>Implementar Entornos Virtuales aplicados a las \u00e1reas de impacto del docente universitario.<\/li>\n<li>Elaborar actividades de trabajo colaborativo utilizando las herramientas\u00a0Web. 2.0.<\/li>\n<li>Caracterizar las principales redes sociales y sus potencialidades para la docencia, investigaci\u00f3n y la extensi\u00f3n universitaria.<\/li>\n<li>Promover el \u00a0uso \u00a0efectivo \u00a0de \u00a0las \u00a0Tecnolog\u00edas \u00a0de \u00a0Informaci\u00f3n \u00a0y Comunicaci\u00f3n en el proceso ense\u00f1anza aprendiza<\/li>\n<li>Usar Google \u00a0Drive \u00a0como \u00a0herramienta \u00a0de \u00a0gesti\u00f3n \u00a0curricula \u00a0Crear actividad de aprendizaje con TIC.<\/li>\n<li>Crear recursos educativos abiertos acordes con las nuevas tendencias de la Educaci\u00f3n Super<\/li>\n<li>Dise\u00f1ar los Entornos Virtuales de Ense\u00f1anza-Aprendizaje utilizando las herramientas web 2.0.<\/li>\n<li>Ofrecer la aplicaci\u00f3n de recursos tecnol\u00f3gicos a docentes y estudiantes con el fin de que utilicen la tecnolog\u00eda para mejorar el aprendizaje mediante la investigaci\u00f3n, comunicaci\u00f3n, estrategias y herramientas de productividad.<\/li>\n<li>Utilizar el LATEX como herramienta de Editor de Texto.<\/li>\n<li>Realizar Trabajo de Tesina.<\/li>\n<\/ul>\n<h6><strong>M\u00f3dulos de la Diplomatura:<\/strong><\/h6>\n<p>El diplomado est\u00e1 dividido en diez (10) m\u00f3dulos con una intensidad horaria de sesenta horas (60) cada uno, con un total de seiscientas (600) hora<\/p>\n<ul>\n<li><strong>M<\/strong><strong>\u00f3dulo I: <\/strong>Introducci\u00f3n a las tics en ambientes de aprendizajes.<\/li>\n<li><strong>M<\/strong><strong>\u00f3dulo II: <\/strong>El rol de los entornos virtuales en la nueva sociedad del conocimiento.<\/li>\n<li><strong>M<\/strong><strong>\u00f3dulo III: <\/strong>Herramientas web 2.0 para el aprendizaje colaborativo.<\/li>\n<li><strong>M<\/strong><strong>\u00f3dulo IV: <\/strong>Las redes sociales en el entramado educativo.<\/li>\n<li><strong>M<\/strong><strong>\u00f3dulo V: <\/strong>Gesti\u00f3n curricular<\/li>\n<li><strong>M<\/strong><strong>\u00f3dulo VI: <\/strong>Recursos educativos abiertos. Una nueva manera de ver los materiales did\u00e1ctica.<\/li>\n<li><strong>M<\/strong><strong>\u00f3dulo VII: <\/strong>Entornos Virtuales de Ense\u00f1anza &#8211; Aprendizaje<\/li>\n<li><strong>M<\/strong><strong>\u00f3dulo VIII: <\/strong>Reconocer tics que promuevan el desarrollo de la convivencia ciudadana.<\/li>\n<li><strong>M<\/strong><strong>\u00f3dulo IX: <\/strong>Editor de Texto LATEX.<\/li>\n<li><strong>M\u00f3dulo X: <\/strong>Trabajos Investigativo<\/li>\n<\/ul>\n<h6><strong>Tesina final<\/strong><\/h6>\n<table style=\"width: 502px;\">\n<tbody>\n<tr>\n<td style=\"text-align: center; width: 224px;\"><strong>M<\/strong><strong>\u00f3dulos<\/strong><\/td>\n<td style=\"text-align: center; width: 71px;\"><strong>Horas lectivas<\/strong><\/td>\n<td style=\"text-align: center; width: 82px;\"><strong>Horas totales<\/strong><\/td>\n<td style=\"text-align: center; width: 97px;\"><strong>Cr\u00e9ditos<\/strong><\/td>\n<\/tr>\n<tr>\n<td style=\"width: 224px; text-align: right;\">1- Introducci\u00f3n a las tics en ambientes de aprendizajes<\/td>\n<td style=\"text-align: right; width: 71px;\">36 h<\/td>\n<td style=\"text-align: right; width: 82px;\">60 h<\/td>\n<td style=\"text-align: right; width: 97px;\">3<\/td>\n<\/tr>\n<tr>\n<td style=\"width: 224px; text-align: right;\">2- El rol de los entornos virtuales en la nueva sociedad del conocimiento.<\/td>\n<td style=\"text-align: right; width: 71px;\">36 h<\/td>\n<td style=\"text-align: right; width: 82px;\">60 h<\/td>\n<td style=\"text-align: right; width: 97px;\">3<\/td>\n<\/tr>\n<tr>\n<td style=\"width: 224px; text-align: right;\">3- Herramientas web 2.0 para el aprendizaje colaborativo<\/td>\n<td style=\"text-align: right; width: 71px;\">36 h<\/td>\n<td style=\"text-align: right; width: 82px;\">60 h<\/td>\n<td style=\"text-align: right; width: 97px;\">3<\/td>\n<\/tr>\n<tr>\n<td style=\"width: 224px; text-align: right;\">4- Las redes sociales en el entramado educativo.<\/td>\n<td style=\"text-align: right; width: 71px;\">36 h<\/td>\n<td style=\"text-align: right; width: 82px;\">60 h<\/td>\n<td style=\"text-align: right; width: 97px;\">3<\/td>\n<\/tr>\n<tr>\n<td style=\"width: 224px; text-align: right;\">5- Gesti\u00f3n curricular tic.<\/td>\n<td style=\"text-align: right; width: 71px;\">36h<\/td>\n<td style=\"text-align: right; width: 82px;\">60h<\/td>\n<td style=\"text-align: right; width: 97px;\">3<\/td>\n<\/tr>\n<\/tbody>\n<\/table>\n<p><strong>Carga horaria total: 600 Hs.<\/strong><\/p>\n<h6><strong>Requisitos para inscripci\u00f3n<\/strong><\/h6>\n<ol>\n<li>Poseer T\u00edTULO Universitario o terciario no universitario.<\/li>\n<li>DN<\/li>\n<li>1 foto 3<\/li>\n<\/ol>\n<h6 style=\"line-height: 14.5pt; background: white; margin: 4.5pt 0cm 4.5pt 0cm;\"><strong><span class=\"textexposedshow\"><span style=\"font-size: 10.5pt; font-family: 'Helvetica','sans-serif'; color: #1d2129;\">Pre-inscripci\u00f3n Online<\/span><\/span><\/strong><\/h6>\n<h6 style=\"line-height: 14.5pt; background: white; margin: 4.5pt 0cm 4.5pt 0cm;\"><a href=\"https:\/\/docs.google.com\/forms\/d\/132Y2Lcy9mOjUTQF9es9j7RqpuNO6EI7bn2C4oVlVM6o\/viewform?edit_requested=true\"><span style=\"font-size: 10.5pt; font-family: 'Helvetica','sans-serif';\">https:\/\/docs.google.com\/forms\/d\/132Y2Lcy9mOjUTQF9es9j7RqpuNO6EI7bn2C4oVlVM6o\/viewform?edit_requested=true<\/span><\/a><\/h6>\n<h6><span style=\"font-size: 10.5pt; font-family: 'Helvetica','sans-serif'; color: #1d2129;\"><strong>Informes<\/strong><\/span><\/h6>\n<p><span style=\"font-size: 10.5pt; font-family: 'Helvetica','sans-serif'; color: #1d2129;\">Instituto de Estudios Integrados Esteban Lugo en Posadas de lunes a viernes de 18 a 21 hs Bolp N\u00b01 Rademacher casi Maip\u00fa. Ober\u00e1 s\u00e1bados de 8 de 12 hs Eramie 280.<\/span><\/p>\n<p><span style=\"font-size: 10.5pt; font-family: 'Helvetica','sans-serif'; color: #1d2129;\"><strong> Email<\/strong>: fundacionanimartemisiones@gmail.com Cel 03764372690. <\/span><\/p>\n","protected":false},"excerpt":{"rendered":"<p>El curso se realiza en el marco del convenio entre el Instituto de Estudios integrados Esteban Lugo y la Facultad de Humanidades y Ciencias Sociales de la UNaM. Tiene una totalidad de 600 horas y otorga 3 puntos de valoraci\u00f3n docente.<\/p>\n","protected":false},"author":5,"featured_media":6417,"comment_status":"open","ping_status":"open","sticky":false,"template":"","format":"standard","meta":{"extendify_custom_stylesheet":""},"categories":[907,714],"tags":[909,910,911,908],"_links":{"self":[{"href":"https:\/\/www.fhycs.unam.edu.ar\/portada\/wp-json\/wp\/v2\/posts\/6412"}],"collection":[{"href":"https:\/\/www.fhycs.unam.edu.ar\/portada\/wp-json\/wp\/v2\/posts"}],"about":[{"href":"https:\/\/www.fhycs.unam.edu.ar\/portada\/wp-json\/wp\/v2\/types\/post"}],"author":[{"embeddable":true,"href":"https:\/\/www.fhycs.unam.edu.ar\/portada\/wp-json\/wp\/v2\/users\/5"}],"replies":[{"embeddable":true,"href":"https:\/\/www.fhycs.unam.edu.ar\/portada\/wp-json\/wp\/v2\/comments?post=6412"}],"version-history":[{"count":14,"href":"https:\/\/www.fhycs.unam.edu.ar\/portada\/wp-json\/wp\/v2\/posts\/6412\/revisions"}],"predecessor-version":[{"id":6438,"href":"https:\/\/www.fhycs.unam.edu.ar\/portada\/wp-json\/wp\/v2\/posts\/6412\/revisions\/6438"}],"wp:featuredmedia":[{"embeddable":true,"href":"https:\/\/www.fhycs.unam.edu.ar\/portada\/wp-json\/wp\/v2\/media\/6417"}],"wp:attachment":[{"href":"https:\/\/www.fhycs.unam.edu.ar\/portada\/wp-json\/wp\/v2\/media?parent=6412"}],"wp:term":[{"taxonomy":"category","embeddable":true,"href":"https:\/\/www.fhycs.unam.edu.ar\/portada\/wp-json\/wp\/v2\/categories?post=6412"},{"taxonomy":"post_tag","embeddable":true,"href":"https:\/\/www.fhycs.unam.edu.ar\/portada\/wp-json\/wp\/v2\/tags?post=6412"}],"curies":[{"name":"wp","href":"https:\/\/api.w.org\/{rel}","templated":true}]}}