{"id":8094,"date":"2016-08-12T14:18:23","date_gmt":"2016-08-12T17:18:23","guid":{"rendered":"http:\/\/www.fhycs.unam.edu.ar\/portada\/?p=8094"},"modified":"2016-11-21T12:31:09","modified_gmt":"2016-11-21T15:31:09","slug":"presentaran-novela-de-un-graduado-de-la-fhycs","status":"publish","type":"post","link":"https:\/\/www.fhycs.unam.edu.ar\/portada\/presentaran-novela-de-un-graduado-de-la-fhycs\/","title":{"rendered":"Presentar\u00e1n novela de un graduado de la FHyCS"},"content":{"rendered":"<p style=\"text-align: justify;\"><img loading=\"lazy\" class=\"alignleft size-medium wp-image-8095\" src=\"https:\/\/www.fhycs.unam.edu.ar\/portada\/wp-content\/uploads\/2016\/08\/Tapa-La-Puerta-Azul-218x300.jpg\" alt=\"Tapa La Puerta Azul\" width=\"218\" height=\"300\" srcset=\"https:\/\/www.fhycs.unam.edu.ar\/portada\/wp-content\/uploads\/2016\/08\/Tapa-La-Puerta-Azul-218x300.jpg 218w, https:\/\/www.fhycs.unam.edu.ar\/portada\/wp-content\/uploads\/2016\/08\/Tapa-La-Puerta-Azul.jpg 233w\" sizes=\"(max-width: 218px) 100vw, 218px\" \/>El periodista especializado en temas policiales y judiciales, graduado de la Facultad de Humanidades y Ciencias Sociales, <strong>Marcelo Galeano<\/strong> presentar\u00e1 su novela de g\u00e9nero policial titulada <strong>&#8220;La Puerta Azul&#8221;.\u00a0<\/strong><!--more--><\/p>\n<blockquote>\n<p style=\"text-align: right;\"><strong><span style=\"color: #008080;\">Sal\u00f3n de usos m\u00faltiples de la FHyCS \u2013 Col\u00f3n 2368, primer piso- a partir de las 18:30 hs.\u00a0 Ingreso libre y gratuito.<\/span><\/strong><\/p>\n<\/blockquote>\n<p style=\"text-align: justify;\">La presentaci\u00f3n es organizada por la Secretar\u00eda de Extensi\u00f3n y la Oficina de Graduados de la Facultad de Humanidades y Ciencias Sociales de la UNaM Marcelo Galeano, junto a escritores con una vasta trayectoria en la escritura y la academia.<\/p>\n<h6 style=\"text-align: justify;\"><strong>Sobre el Autor<\/strong><\/h6>\n<p style=\"text-align: justify;\">Elvio Marcelo Galeano naci\u00f3 en Posadas, Misiones, el 16 de mayo de 1972.<\/p>\n<p style=\"text-align: justify;\">Es periodista egresado de la Facultad de Humanidades y Ciencias Sociales de la Universidad Nacional de Misiones (UNaM), especializado en temas policiales y judiciales.<\/p>\n<p style=\"text-align: justify;\">Su carrera est\u00e1 apoyada, mayoritariamente, en la prensa escrita. No obstante, tambi\u00e9n tuvo incursiones en la radio y el periodismo digital.<\/p>\n<p style=\"text-align: justify;\">La novela <strong>La Puerta Azul<\/strong> marca un punto de inflexi\u00f3n; un antes y un despu\u00e9s en la trayectoria de este periodista que ahora suma un \u00edtem m\u00e1s a su curr\u00edculum personal del escritor de escritor.<\/p>\n<h6 style=\"text-align: justify;\"><strong>Sinopsis de La Puerta Azul<\/strong><\/h6>\n<p style=\"text-align: justify;\">La Puerta Azul por su estructura y narraci\u00f3n corresponde al g\u00e9nero de novela policial negra.<\/p>\n<p style=\"text-align: justify;\">Una llamada desesperada al 911 anticipa un homicidio sobre el que nada se sabe y que una semana despu\u00e9s quedar\u00eda al descubierto, con el hallazgo del cad\u00e1ver en el octavo piso de la Torre Imperial, ubicada en el coqueto barrio residencial Pen\u00ednsula Dorada, en Posadas.<\/p>\n<p style=\"text-align: justify;\">\u00bfQui\u00e9n mat\u00f3 a Cecilia Mareco?, es el primer interrogante que intriga a los investigadores y tambi\u00e9n al lector en una trama que revelar\u00e1, con el devenir de la historia, un perfil poco conocido de la vida de la v\u00edctima, una estudiante de Abogac\u00eda de 23 a\u00f1os.<\/p>\n<p style=\"text-align: justify;\">Esa arista desconocida de Cecilia Mareco quedar\u00e1 en evidencia cuando el informe toxicol\u00f3gico de autopsia descubra la existencia de vestigios de coca\u00edna y alcohol en su cuerpo.<\/p>\n<p style=\"text-align: justify;\">A partir de all\u00ed los detectives, con el comisario Nicol\u00e1s Sobrino y su fiel ayudante Francisco Guevara a la cabeza, tendr\u00e1n la compleja misi\u00f3n de revelar la doble vida que llevaba Cecilia Mareco, entre aquella muchacha t\u00edmida y humilde, hija de un mec\u00e1nico chapista y una empleada municipal de El Soberbio, y esta estudiante que viv\u00eda en uno de los edificios m\u00e1s coquetos y exclusivos de la capital misionera.<\/p>\n<p style=\"text-align: justify;\">Descubrir esa misteriosa trama, que mezcla el consumo de drogas, alcohol y el mundo de la explotaci\u00f3n sexual con la Trata de Personas ser\u00e1 la clave para desentra\u00f1ar un crimen del que poco y nada se sabe.<\/p>\n<p style=\"text-align: justify;\">La investigaci\u00f3n conducir\u00e1 a la dupla Sobrino-Guevara a conocer el misterioso mundo de la noche posade\u00f1a, con sus c\u00f3digos, seducciones y trampas del que Cecilia Mareco no pudo escapar.<\/p>\n<p style=\"text-align: justify;\">As\u00ed los detectives llegar\u00e1n hasta la mism\u00edsima escalinata de \u201cLa Puerta Azul\u201d; una mansi\u00f3n de estilo colonial ubicada en las afueras de la ciudad, cuyo nombre debe al color de la entrada, escenario de exclusiv\u00edsimas fiestas que conjugaban dinero, poder y sexo donde Cecilia Mareco estuvo por \u00faltima vez antes de encontrar la muerte de un disparo en el coraz\u00f3n.<\/p>\n<p style=\"text-align: justify;\">El esclarecimiento del crimen desarticular\u00e1 una organizaci\u00f3n criminal regenteada por altos funcionarios judiciales, dedicada a satisfacer las perversiones y excesos de pol\u00edticos, empresarios y personalidades de la far\u00e1ndula provincial y de otros puntos de Argentina y el exterior.<\/p>\n<p style=\"text-align: justify;\">Saber qu\u00e9 ocurr\u00eda en esa mansi\u00f3n, con una peque\u00f1a rotonda en el frente, para que los lujosos coches pudieran dar la vuelta, y las amplias escaleras que llevan a La Puerta Azul, es el gran objetivo de Sobrino y Guevara para desentra\u00f1ar el enigma que rodea a la muerte de Cecilia Mareco.<\/p>\n","protected":false},"excerpt":{"rendered":"<p>El periodista especializado en temas policiales y judiciales, graduado de la Facultad de Humanidades y Ciencias Sociales, Marcelo Galeano presentar\u00e1 su novela de g\u00e9nero policial titulada &#8220;La Puerta Azul&#8221;.\u00a0<\/p>\n","protected":false},"author":5,"featured_media":8095,"comment_status":"open","ping_status":"open","sticky":false,"template":"","format":"standard","meta":{"extendify_custom_stylesheet":""},"categories":[89,1854,35],"tags":[5,1213,949,1214,1212],"_links":{"self":[{"href":"https:\/\/www.fhycs.unam.edu.ar\/portada\/wp-json\/wp\/v2\/posts\/8094"}],"collection":[{"href":"https:\/\/www.fhycs.unam.edu.ar\/portada\/wp-json\/wp\/v2\/posts"}],"about":[{"href":"https:\/\/www.fhycs.unam.edu.ar\/portada\/wp-json\/wp\/v2\/types\/post"}],"author":[{"embeddable":true,"href":"https:\/\/www.fhycs.unam.edu.ar\/portada\/wp-json\/wp\/v2\/users\/5"}],"replies":[{"embeddable":true,"href":"https:\/\/www.fhycs.unam.edu.ar\/portada\/wp-json\/wp\/v2\/comments?post=8094"}],"version-history":[{"count":4,"href":"https:\/\/www.fhycs.unam.edu.ar\/portada\/wp-json\/wp\/v2\/posts\/8094\/revisions"}],"predecessor-version":[{"id":8108,"href":"https:\/\/www.fhycs.unam.edu.ar\/portada\/wp-json\/wp\/v2\/posts\/8094\/revisions\/8108"}],"wp:featuredmedia":[{"embeddable":true,"href":"https:\/\/www.fhycs.unam.edu.ar\/portada\/wp-json\/wp\/v2\/media\/8095"}],"wp:attachment":[{"href":"https:\/\/www.fhycs.unam.edu.ar\/portada\/wp-json\/wp\/v2\/media?parent=8094"}],"wp:term":[{"taxonomy":"category","embeddable":true,"href":"https:\/\/www.fhycs.unam.edu.ar\/portada\/wp-json\/wp\/v2\/categories?post=8094"},{"taxonomy":"post_tag","embeddable":true,"href":"https:\/\/www.fhycs.unam.edu.ar\/portada\/wp-json\/wp\/v2\/tags?post=8094"}],"curies":[{"name":"wp","href":"https:\/\/api.w.org\/{rel}","templated":true}]}}