{"id":8515,"date":"2016-08-29T16:11:49","date_gmt":"2016-08-29T16:11:49","guid":{"rendered":"http:\/\/www.fhycs.unam.edu.ar\/portada\/?p=8515"},"modified":"2016-09-07T12:58:23","modified_gmt":"2016-09-07T12:58:23","slug":"la-pobreza-en-misiones-cuatro-encuentros-para-el-debate","status":"publish","type":"post","link":"https:\/\/www.fhycs.unam.edu.ar\/portada\/la-pobreza-en-misiones-cuatro-encuentros-para-el-debate\/","title":{"rendered":"La pobreza en Misiones: cuatro encuentros para el debate"},"content":{"rendered":"<p style=\"text-align: justify;\"><img loading=\"lazy\" class=\"size-medium wp-image-8519 alignleft\" src=\"https:\/\/www.fhycs.unam.edu.ar\/portada\/wp-content\/uploads\/2016\/08\/pobreza-mnes-300x168.jpg\" alt=\"pobreza mnes\" width=\"300\" height=\"168\" srcset=\"https:\/\/www.fhycs.unam.edu.ar\/portada\/wp-content\/uploads\/2016\/08\/pobreza-mnes-300x168.jpg 300w, https:\/\/www.fhycs.unam.edu.ar\/portada\/wp-content\/uploads\/2016\/08\/pobreza-mnes-768x429.jpg 768w, https:\/\/www.fhycs.unam.edu.ar\/portada\/wp-content\/uploads\/2016\/08\/pobreza-mnes-600x335.jpg 600w, https:\/\/www.fhycs.unam.edu.ar\/portada\/wp-content\/uploads\/2016\/08\/pobreza-mnes.jpg 770w\" sizes=\"(max-width: 300px) 100vw, 300px\" \/><\/p>\n<p style=\"text-align: justify;\">Los integrantes del proyecto de investigaci\u00f3n<strong> \u201cLa pobreza en Misiones. Entre las estad\u00edsticas y la casu\u00edstica\u201d <\/strong>proponen esta actividad<strong> en la que durante los meses de septiembre y octubre <\/strong>se difundir\u00e1n diferentes an\u00e1lisis respecto a las mediciones, estad\u00edsticas y \u00a0discursos\u00a0 sobre y desde la pobreza<!--more--><\/p>\n<blockquote>\n<p style=\"text-align: right;\"><strong><span style=\"color: #008080;\">1\u00ba Encuentro: Viernes 2 de Septiembre. 18 hs.\u00a0 Sala del Consejo Directivo (Tucum\u00e1n 1946, Piso 1) de la Facultad de Humanidades y Ciencias Sociales de la UNaM.<\/span><\/strong><\/p>\n<\/blockquote>\n<p style=\"text-align: justify;\">Para cada jornada se contar\u00e1 con la participaci\u00f3n de <strong>organizaciones<\/strong> y <strong>actores sociales<\/strong> vinculados a las tem\u00e1ticas que ser\u00e1n abordadas. Se presentar\u00e1 material audiovisual y fragmentos de testimonios de entrevistados en el marco de la investigaci\u00f3n.<\/p>\n<p style=\"text-align: justify;\">Los encuentros est\u00e1n destinados a la comunidad en general y acad\u00e9mica en particular. Estas jornadas son abiertas y gratuitas (con certificaci\u00f3n de asistencia)<\/p>\n<blockquote>\n<p style=\"text-align: justify;\"><em><span style=\"color: #008080;\">El evento han sido declarado de Inter\u00e9s Provincial por la C\u00e1mara de Representantes de Misiones (CR\/DS\/T 58-2016\/17) y tiene la aprobaci\u00f3n del Honorable Consejo Directivo de la FHyCS-UNaM (Res. 145\/16)<\/span><\/em><\/p>\n<\/blockquote>\n<h6 style=\"text-align: justify;\"><strong>Programa:<\/strong><\/h6>\n<p style=\"text-align: justify;\"><strong>Viernes 2 de septiembre de 2016 \u2013 18:00 hs <\/strong><\/p>\n<p style=\"text-align: justify; padding-left: 30px;\"><strong>Eje: <\/strong>Pobreza, \u00a0h\u00e1bitat y calidad de vida<\/p>\n<p style=\"text-align: justify; padding-left: 30px;\">Las mediciones y las voces de los actores afectados que hablan desde sus lugares de vida. Precariedad de la tenencia de la tierra. Inestabilidad, movilidad, (re)construcci\u00f3n y ruptura de redes sociales. Condiciones sanitarias.<\/p>\n<p style=\"text-align: justify;\"><strong>Viernes 9 de septiembre de 2016 \u2013 18:00 hs.<\/strong><\/p>\n<p style=\"text-align: justify; padding-left: 30px;\"><strong>Eje: <\/strong>Pobreza y circularidad trabajo-salud-educaci\u00f3n<\/p>\n<p style=\"text-align: justify; padding-left: 30px;\">Acceso a los sistemas de salud (turnos, distancias, tecnolog\u00eda, tipo y calidad de la atenci\u00f3n). Condiciones de vida y trabajo (posibilidades laborales, (des)protecci\u00f3n social, trabajo estacional, explotaci\u00f3n, falta de trabajo, desocupaci\u00f3n). Acceso a la educaci\u00f3n formal e informal.<\/p>\n<p style=\"text-align: justify;\"><strong>Viernes 7 de octubre de 2016 \u2013 18:00 hs.<\/strong><\/p>\n<p style=\"text-align: justify; padding-left: 30px;\"><strong>Eje: <\/strong>Pobreza y\u00a0 derechos. Subjetividades<\/p>\n<p style=\"text-align: justify; padding-left: 30px;\">Construcci\u00f3n de identidad entre sujeto y entorno social. C\u00f3mo se ven y c\u00f3mo son vistos. Invisiblidad, discriminaci\u00f3n, indiferencia, criminalizaci\u00f3n, estigmatizaci\u00f3n, autoestima, falta de reconocimiento de derechos y\/o posibilidad de ejercerlos. La dependencia.<\/p>\n<p style=\"text-align: justify;\"><strong>Viernes 14 de octubre de 2016 \u2013 18:00 hs.<\/strong><\/p>\n<p style=\"text-align: justify; padding-left: 30px;\"><strong>Eje: <\/strong>La multi-dimensionalidad de la pobreza, desde las mediciones y las voces.<\/p>\n<p style=\"text-align: justify; padding-left: 30px;\">Voces y miradas que sustentan la concepci\u00f3n multi-dimensional de la pobreza. Las mediciones y sus limitaciones en funci\u00f3n de las voces.<\/p>\n","protected":false},"excerpt":{"rendered":"<p>Los integrantes del proyecto de investigaci\u00f3n \u201cLa pobreza en Misiones. Entre las estad\u00edsticas y la casu\u00edstica\u201d proponen esta actividad en la que durante los meses de septiembre y octubre se difundir\u00e1n diferentes an\u00e1lisis respecto a las mediciones, estad\u00edsticas y \u00a0discursos\u00a0 sobre y desde la pobreza<\/p>\n","protected":false},"author":6,"featured_media":8518,"comment_status":"open","ping_status":"open","sticky":false,"template":"","format":"standard","meta":{"extendify_custom_stylesheet":""},"categories":[88,1314,36,794],"tags":[1317,1316,294,811,1315,1318,1152],"_links":{"self":[{"href":"https:\/\/www.fhycs.unam.edu.ar\/portada\/wp-json\/wp\/v2\/posts\/8515"}],"collection":[{"href":"https:\/\/www.fhycs.unam.edu.ar\/portada\/wp-json\/wp\/v2\/posts"}],"about":[{"href":"https:\/\/www.fhycs.unam.edu.ar\/portada\/wp-json\/wp\/v2\/types\/post"}],"author":[{"embeddable":true,"href":"https:\/\/www.fhycs.unam.edu.ar\/portada\/wp-json\/wp\/v2\/users\/6"}],"replies":[{"embeddable":true,"href":"https:\/\/www.fhycs.unam.edu.ar\/portada\/wp-json\/wp\/v2\/comments?post=8515"}],"version-history":[{"count":7,"href":"https:\/\/www.fhycs.unam.edu.ar\/portada\/wp-json\/wp\/v2\/posts\/8515\/revisions"}],"predecessor-version":[{"id":8526,"href":"https:\/\/www.fhycs.unam.edu.ar\/portada\/wp-json\/wp\/v2\/posts\/8515\/revisions\/8526"}],"wp:featuredmedia":[{"embeddable":true,"href":"https:\/\/www.fhycs.unam.edu.ar\/portada\/wp-json\/wp\/v2\/media\/8518"}],"wp:attachment":[{"href":"https:\/\/www.fhycs.unam.edu.ar\/portada\/wp-json\/wp\/v2\/media?parent=8515"}],"wp:term":[{"taxonomy":"category","embeddable":true,"href":"https:\/\/www.fhycs.unam.edu.ar\/portada\/wp-json\/wp\/v2\/categories?post=8515"},{"taxonomy":"post_tag","embeddable":true,"href":"https:\/\/www.fhycs.unam.edu.ar\/portada\/wp-json\/wp\/v2\/tags?post=8515"}],"curies":[{"name":"wp","href":"https:\/\/api.w.org\/{rel}","templated":true}]}}