{"id":9373,"date":"2016-09-28T13:00:46","date_gmt":"2016-09-28T16:00:46","guid":{"rendered":"http:\/\/www.fhycs.unam.edu.ar\/portada\/?p=9373"},"modified":"2016-09-28T13:00:46","modified_gmt":"2016-09-28T16:00:46","slug":"siete-de-cada-diez-graduados-de-la-unam-son-mujeres","status":"publish","type":"post","link":"https:\/\/www.fhycs.unam.edu.ar\/portada\/siete-de-cada-diez-graduados-de-la-unam-son-mujeres\/","title":{"rendered":"Siete de cada diez graduados de la UNaM son mujeres"},"content":{"rendered":"<p>&nbsp;<\/p>\n<p style=\"text-align: justify;\"><img loading=\"lazy\" class=\"alignleft size-medium wp-image-9381\" src=\"https:\/\/www.fhycs.unam.edu.ar\/portada\/wp-content\/uploads\/2016\/09\/823cca1162cccd6c848aa8f0d8ca676d-300x215.jpg\" alt=\"Javier Gortari\" width=\"300\" height=\"215\" srcset=\"https:\/\/www.fhycs.unam.edu.ar\/portada\/wp-content\/uploads\/2016\/09\/823cca1162cccd6c848aa8f0d8ca676d-300x215.jpg 300w, https:\/\/www.fhycs.unam.edu.ar\/portada\/wp-content\/uploads\/2016\/09\/823cca1162cccd6c848aa8f0d8ca676d-600x430.jpg 600w, https:\/\/www.fhycs.unam.edu.ar\/portada\/wp-content\/uploads\/2016\/09\/823cca1162cccd6c848aa8f0d8ca676d.jpg 750w\" sizes=\"(max-width: 300px) 100vw, 300px\" \/>Lo detall\u00f3 el rector\u00a0de la Unversidad Nacional de Misiones <strong>Javier Gortari<\/strong>\u00a0en una extensa <a href=\"http:\/\/www.primeraedicion.com.ar\/nota\/230495\/siete-de-cada-diez-egresados-de-la-unam-son-mujeres.html\" target=\"_blank\"><strong>entrevista<\/strong> <\/a>con el diario\u00a0<strong><a href=\"http:\/\/www.primeraedicion.com.ar\/\" target=\"_blank\">Primera Edici\u00f3n<\/a>.\u00a0<\/strong>Tambi\u00e9n destac\u00f3 que hay mayor\u00eda femenina en la matr\u00edcula y en la actualidad, tres de las seis facultades est\u00e1n conducidas por mujeres.\u00a0<!--more--><\/p>\n<blockquote>\n<p style=\"text-align: justify;\"><span style=\"color: #008080;\">El rector de la\u00a0<strong>Universidad Nacional de Misiones<\/strong>\u00a0(UNaM),\u00a0<strong>Javier Gortari,<\/strong>\u00a0no esquiv\u00f3 ning\u00fan tema durante la larga entrevista que brind\u00f3 al diario Primera Edici\u00f3n. Habl\u00f3 de deserci\u00f3n (el 50% de los alumnos abandona en primer a\u00f1o), de la baja tasa de graduaci\u00f3n (porque la mayor\u00eda de los alumnos termina carreras de 5 a\u00f1os en m\u00e1s de 6 o 7 a\u00f1os), de las dificultades financieras de este a\u00f1o, pero tambi\u00e9n anticip\u00f3 una interesante mejor\u00eda en el presupuesto universitario de 2017 y calific\u00f3 de inteligente el impulso que quiere dar el Gobierno Nacional al sistema de acreditaciones por materias y carreras. No obstante, anticip\u00f3 que -ante los cambios- las instituciones y las corporaciones (docentes, no docentes y alumnos) son refractarias \u201caunque en su discurso sean revolucionarias\u201d.<\/span><\/p>\n<\/blockquote>\n<p style=\"text-align: justify;\"><strong>\u00bfCu\u00e1les son los desaf\u00edos de la Unam en el actual contexto?<\/strong><br \/>\n&#8220;No es bueno autorreferenciarse, pero mi preocupaci\u00f3n central en esta primera parte del a\u00f1o fue c\u00f3mo continuar. Por suerte hubo una continuidad institucional en lo que respecta a la secretar\u00eda de pol\u00edtica universitaria y esto nos dio tranquilidad&#8230; esto es com\u00fan en muchos pa\u00edses, pero no para nosotros con s\u00f3lo treinta a\u00f1os de democracia, donde un cambio de Gobierno parece un cambio de planeta&#8221;.<\/p>\n<p style=\"text-align: justify;\">&#8220;La otra tranquilidad, tras la reuni\u00f3n que tuvimos la semana pasada en Buenos Aires, tiene que ver con el presupuesto universitario 2017. Tuvimos oportunidad de ver la presentaci\u00f3n del presupuesto universitario para 2017 y creemos que es una propuesta interesante; en lo espec\u00edfico de la Unam mejora un poco el presupuesto&#8230; claro que son hip\u00f3tesis que no sabemos si se van a cumplir en su momento, pero como est\u00e1 la econom\u00eda en este momento, pese a la actual recesi\u00f3n, las previsiones dan cuenta que habr\u00e1 una importante inversi\u00f3n p\u00fablica, inflaci\u00f3n bastante controlada&#8221;.<\/p>\n<blockquote>\n<h6 style=\"text-align: right;\"><span style=\"color: #008080;\"><strong>&#8220;Yo pas\u00e9 en la universidad la crisis de 2002 donde no pod\u00edamos ni pagar la luz, a esta situaci\u00f3n de los \u00faltimos diez a\u00f1os donde pasamos de un presupuesto de 10 millones de d\u00f3lares en 2003 a 50 millones de d\u00f3lares en 2015&#8221;\u00a0<\/strong><\/span><\/h6>\n<h6 style=\"text-align: right;\"><span style=\"color: #008080;\">Javier Gortari<\/span><\/h6>\n<\/blockquote>\n<p style=\"text-align: justify;\">&#8220;Yo pas\u00e9 en la universidad la crisis de 2002 donde no pod\u00edamos ni pagar la luz, a esta situaci\u00f3n de los \u00faltimos diez a\u00f1os donde pasamos de un presupuesto de 10 millones de d\u00f3lares en 2003 a 50 millones de d\u00f3lares en 2015&#8230; es decir, hubo una inversi\u00f3n importante a la educaci\u00f3n superior del Estado nacional y del pueblo argentino; y eso nos permiti\u00f3 trabajar en desarrollo m\u00e1s que pensar en c\u00f3mo sostenernos financieramente. Ya no ten\u00edamos que preocuparnos c\u00f3mo pagar la luz y pudimos pensar en crecer&#8221;.<\/p>\n<p style=\"text-align: justify;\">&#8220;De hecho, en ese per\u00edodo, no s\u00f3lo se crearon universidades en el pa\u00eds sino que las existentes ampliaron su estructura la UNaM cre\u00f3 carreras nuevas y postgrados nuevos. Hoy tenemos seis doctorados que para una universidad de 40 a\u00f1os implica un desarrollo importante. Abrimos sedes en Puerto Iguaz\u00fa, San Vicente, Puerto Rico, Arist\u00f3bulo del Valle&#8230; esto fue muy importante para la gente de esas localidades pues se les dio la oportunidad de estudiar a gente que no pod\u00eda hacerlo porque no ten\u00eda medios para estudiar en la universidad p\u00fablica en Posadas ni para pagar una instituci\u00f3n privada&#8221;.<\/p>\n<h6 style=\"text-align: right;\"><strong><span style=\"color: #008080;\">&#8220;En las extensiones logramos una retenci\u00f3n y tasa de graduaci\u00f3n muy importante porque evidentemente la gente lo siente como una oportunidad que hay que aprovechar&#8221;.<\/span><\/strong><\/h6>\n<h6 style=\"text-align: right;\"><span style=\"color: #008080;\">Javier Gortari<\/span><\/h6>\n<p style=\"text-align: justify;\"><strong>\u00bfEsto se vio reflejado en la matr\u00edcula de la UNaM?<\/strong><br \/>\n&#8220;S\u00ed. Adem\u00e1s, en esos lugares donde llevamos estos proyectos a t\u00e9rmino porque se forman a dos cohortes y despu\u00e9s se levanta para no inundar de una misma profesi\u00f3n o t\u00e9cnicos, se registra muy poca deserci\u00f3n. De hecho, la UNaM tiene un problema de deserci\u00f3n y cambio de carrera muy fuerte en Ober\u00e1, Eldorado y Posadas&#8230; pero en las extensiones logramos una retenci\u00f3n y tasa de graduaci\u00f3n muy importante porque evidentemente la gente lo siente como una oportunidad que hay que aprovechar&#8221;.<\/p>\n<p style=\"text-align: justify;\"><strong>Las extensiones de la UNaM son tambi\u00e9n muy cuestionadas por algunos sectores que aseguran que son ofertas de menor calidad y fomentan la escasa estabilidad docente&#8230;<\/strong><br \/>\n&#8220;Tiene distintas aristas, lo cierto es que esto se hizo a trav\u00e9s de un programa nacional \u201cExpansi\u00f3n de la educaci\u00f3n superior\u201d. Nosotros trabajamos con los mismos docentes que ense\u00f1an en la sede de Posadas, que viajan hasta esas localidades. Por esa misma raz\u00f3n, la estabilidad del docente no se pone en peligro cuando se deja de dictar esa carrera en la extensi\u00f3n. Pero s\u00ed es dif\u00edcil generar ese espacio cultural universitario que nosotros creemos que es un adicional importante en t\u00e9rmino de cultura social para el pueblo donde se inserta la universidad. Por eso, la idea es que m\u00e1s all\u00e1 de formar dos a tres cohortes es generar proyectos de extensi\u00f3n, culturales y sociales que permitan ir interactuando con la sociedad. Adem\u00e1s, sumar cosas que tenemos en Posadas como el programa de teatro y el programa de deporte&#8221;.<\/p>\n<p style=\"text-align: justify;\"><strong>El Gobierno nacional anticip\u00f3 hace algunos d\u00edas que impulsar\u00e1 un sistema de acreditaciones de materias de las distintas carreras de las universidades nacionales del pa\u00eds&#8230; \u00bfLa UNaM se sumar\u00eda a este sistema que ya se implementa en la UNC?<\/strong><br \/>\n&#8220;En nuestro pa\u00eds ya se hab\u00eda hecho algo as\u00ed con las carreras de ciencias econ\u00f3micas para tener los primeros a\u00f1os pr\u00e1cticamente iguales. Y nosotros lo ten\u00edamos instrumentado tambi\u00e9n para las ingenier\u00edas; creo que es una idea inteligente. Este programa se llamaba \u201cfamilias de carreras\u201d. Antes de esto, ocurr\u00eda que un estudiante que ten\u00eda veinte materias de contador metidas en la UBA ven\u00eda a la UNaM y s\u00f3lo se le reconoc\u00edan dos materias y casi ten\u00eda que empezar la carrera de nuevo. Un absurdo, como si cada universidad daba una materia \u00fanica en el universo&#8221;.<\/p>\n<p style=\"text-align: justify;\"><strong>\u00bfLa acreditaci\u00f3n implica unificaci\u00f3n de los contenidos entre las mismas carreras de las distintas universidades?<\/strong><br \/>\n&#8220;En realidad, todas las carreras universitarias que han venido acreditando en el pa\u00eds&#8230; empez\u00f3 medicina, despu\u00e9s ingenier\u00eda, arquitectura, veterinaria, agronom\u00eda, bioqu\u00edmica e inform\u00e1tica&#8230; tienen que tener un contenido m\u00ednimo com\u00fan \u00a0y cierto est\u00e1ndar de nivel para acreditar en el sistema nacional (ante la Coneau). Es decir que, el sistema universitario p\u00fablico argentino ya tiene esta plataforma&#8230; y este proceso fue muy cuestionado y resistido porque era como meterse con la autonom\u00eda universitaria que fue defendida como una vaca sagrada india. La UBA reci\u00e9n ahora est\u00e1 entrando en los procesos de acreditaciones; durante muchos a\u00f1os se excus\u00f3 en su autonom\u00eda y excelencia para que nadie mida nada. Es una confusi\u00f3n, est\u00e1 muy bien la autonom\u00eda en cuanto a independencia y libertad en las c\u00e1tedras, pero tambi\u00e9n uno es tambi\u00e9n responsable de un presupuesto important\u00edsimo que le dedica el Estado con la plata de los trabajadores argentinos&#8221;.<\/p>\n<p style=\"text-align: justify;\"><strong>La acreditaci\u00f3n de la Coneau es, adem\u00e1s, un certificado de calidad \u00a0<\/strong><br \/>\n&#8220;Absolutamente. En este momento, la UNaM atraviesa su segundo proceso de evaluaci\u00f3n. Estamos en la etapa de la autoevaluaci\u00f3n interna que terminar\u00e1 ahora y despu\u00e9s viene la externa, por parte de la Coneau. La primera evaluaci\u00f3n, en 2010, tuvo mucha resistencia. \u00c9sta pr\u00e1cticamente est\u00e1 pasando sin ning\u00fan conflicto. \u00bfPara qu\u00e9 sirve esta evaluaci\u00f3n? Para mejorar. Hasta en su propia vida, uno se eval\u00faa para ver qu\u00e9 tenemos que mejorar y fortalecer. Creo que este es uno de los puntos positivos de la Ley de Educaci\u00f3n Superior aprobada en los 90, en t\u00e9rminos de calidad y condiciones m\u00ednimas b\u00e1sicas de ense\u00f1anza universitaria&#8221;.<\/p>\n<p style=\"text-align: justify;\"><strong>De todas maneras, el Gobierno nacional remarc\u00f3 que el programa de cr\u00e9ditos por materias ser\u00e1 de tipo voluntario&#8230;<\/strong><br \/>\nS\u00ed, porque para poder avanzar se tienen que poner de acuerdo las carreras y las universidades. No se puede imponer por decreto. Creo que es una decisi\u00f3n interesante \u00a0de la que hay muchos antecedentes. Este lunes estuvimos en Medianera (Brasil) donde estaban los rectores de Portugal firmando un convenio de doble titulaci\u00f3n con los brasile\u00f1os y la UNaM; y lo que planteaban es que ellos en Europa tienen esta equiparaci\u00f3n entre carreras como muy autom\u00e1tica, lo que permite que un chico se pueda mover de Portugal a Francia o cualquier otro pa\u00eds de la Comunidad Europea sin tener que dejar la carrera y empezar cada vez de nuevo. De lo que hablamos es que si una persona hizo la carrera de ingenier\u00eda en alimentos en Argentina puede obtener su t\u00edtulo en Brasil y Portugal, es decir tener una triple titulaci\u00f3n porque sabe lo mismo en cualquier de esos pa\u00edses&#8221;.<\/p>\n<p style=\"text-align: justify;\">&#8220;Creo que hay que tener inteligencia para incorporar las ideas inteligentes, por m\u00e1s que sabemos las instituciones son refractarias a los cambios, lo mismo que las corporaciones de docentes, no docentes y estudiantiles que tenemos adentro de las universidades&#8230; a pesar que son todos revolucionarios en el discurso&#8221;.<\/p>\n<p style=\"text-align: justify;\"><strong>\u00bfCu\u00e1les son los resultados de la autoevaluaci\u00f3n en lo que respecta a desgranamiento y tasa de graduaci\u00f3n?<\/strong><\/p>\n<p style=\"text-align: justify;\">&#8220;Sigue siendo alta la tasa de desgranamiento pero venimos mejorando en los \u00faltimos a\u00f1os. Esta es una preocupaci\u00f3n constante de los que estamos en el gobierno de la Universidad, pero no es tanta la preocupaci\u00f3n de los profesores que est\u00e1n al frente del alumno sobre todo en los dos primeros a\u00f1os. Creo que por eso la universidad todav\u00eda no incorpor\u00f3 sistemas m\u00e1s amigables, sobre todo en el primer a\u00f1o de la universidad donde se registra el gran salto del secundario a la universidad. Estamos trabajando y capacitando en forma gratuita a nuestros docentes en esa l\u00ednea. Es necesario entender que el otro que est\u00e1 sentado enfrente es un igual y tiene el derecho de aprender. Uno como servidor p\u00fablico, en este caso profesor, tiene la responsabilidad de hacer efectivo ese derecho de otro ciudadano que quiere estudiar&#8221;.<\/p>\n<blockquote>\n<h6 style=\"text-align: right;\"><span style=\"color: #008080;\"><strong>&#8220;Si hice un parcial y salieron todos mal quiere decir que algo no me entendieron, que no pude explicarme bien, entonces tengo que buscarle la vuelta, no es que todos son in\u00fatiles&#8221;<\/strong><\/span><\/h6>\n<h6 style=\"text-align: right;\"><span style=\"color: #008080;\">Javier Gortari<\/span><\/h6>\n<\/blockquote>\n<p style=\"text-align: justify;\">&#8220;Si hice un parcial y salieron todos mal quiere decir que algo no me entendieron, que no pude explicarme bien, entonces tengo que buscarle la vuelta, no es que todos son in\u00fatiles. Entonces, estamos poniendo en discusi\u00f3n la sabidur\u00eda omnipotente del profesor que es un concepto que ya no tiene asidero porque toda la informaci\u00f3n est\u00e1 hoy en d\u00eda en Internet&#8221;.<\/p>\n<blockquote>\n<h6 style=\"text-align: right;\"><span style=\"color: #008080;\"><strong>&#8220;No todos llegan a la universidad: en Misiones nacen unos 25.000 chicos por a\u00f1o y de esos terminan la primaria 20.000 y s\u00f3lo 9.000 terminan la secundaria. Pero apenas 1.000 terminan la universidad&#8221;<\/strong><\/span><\/h6>\n<h6 style=\"text-align: right;\"><span style=\"color: #008080;\">Javier Gortari<\/span><\/h6>\n<\/blockquote>\n<p style=\"text-align: justify;\">&#8220;El alumno que llega a la universidad logr\u00f3 sortear los numerosos filtros que tiene la educaci\u00f3n primaria y secundaria. No todos llegan a la universidad: en Misiones nacen unos 25.000 chicos por a\u00f1o y de esos terminan la primaria 20.000 y s\u00f3lo 9.000 terminan la secundaria. Pero apenas 1.000 terminan la universidad. Por eso, hay que ayudar al que llega a la universidad, hablo de contenci\u00f3n no de ayuda en el sentido caritativo&#8221;.<\/p>\n<p style=\"text-align: justify;\">&#8220;El 50% de los alumnos abandonan el primer a\u00f1o de la universidad&#8230; este es el porcentaje de los chicos que ingresan y ya no se matriculan en segundo a\u00f1o. En los a\u00f1os posteriores, el desgranamiento es menor y tiene otras caracter\u00edsticas porque la persona que ya transit\u00f3 alg\u00fan grado de eficacia y resultados en primer a\u00f1o ya est\u00e1 entrenada para sortear la burocracia que tiene la instituci\u00f3n, sortear los problemas de algunos docentes mejores y otros no tanto&#8221;.<\/p>\n<p style=\"text-align: justify;\"><strong>\u00bfY qu\u00e9 tasa de graduaci\u00f3n tenemos?<\/strong><\/p>\n<p style=\"text-align: justify;\">&#8220;Son muy pocos los que se reciben en el tiempo que estipula la duraci\u00f3n de una carrera. En promedio, en las carreras de 4 a 5 a\u00f1os de duraci\u00f3n los alumnos est\u00e1n tardando entre 6 y 7 a\u00f1os para recibirse. La tasa general de ingreso y egreso (en t\u00e9rminos absolutos) es del 20%, es decir por cada 100 alumnos que ingresan en un a\u00f1o egresan con t\u00edtulo veinte ese mismo a\u00f1o&#8221;.<img loading=\"lazy\" class=\"alignleft size-medium wp-image-9382\" src=\"https:\/\/www.fhycs.unam.edu.ar\/portada\/wp-content\/uploads\/2016\/09\/111927_1-300x225.jpg\" alt=\"UNaM\" width=\"300\" height=\"225\" srcset=\"https:\/\/www.fhycs.unam.edu.ar\/portada\/wp-content\/uploads\/2016\/09\/111927_1-300x225.jpg 300w, https:\/\/www.fhycs.unam.edu.ar\/portada\/wp-content\/uploads\/2016\/09\/111927_1.jpg 400w\" sizes=\"(max-width: 300px) 100vw, 300px\" \/><\/p>\n<blockquote>\n<h6 style=\"text-align: right;\"><span style=\"color: #008080;\"><strong>&#8220;M\u00e1s del 70% de los graduados de la UNaM son mujeres y ese mismo porcentaje hay en la matr\u00edcula estudiantil&#8221;<\/strong><\/span><\/h6>\n<h6 style=\"text-align: right;\"><span style=\"color: #008080;\">Javier Gortari<\/span><\/h6>\n<\/blockquote>\n<p style=\"text-align: justify;\"><strong>\u00bfHay mayor\u00eda de mujeres en la matr\u00edcula de la UNaM?<\/strong><\/p>\n<p style=\"text-align: justify;\">&#8220;S\u00ed, hay m\u00e1s mujeres que se inscriben y tambi\u00e9n son mayor\u00eda entre los que se grad\u00faan. M\u00e1s del 70% de los graduados de la UNaM son mujeres y ese mismo porcentaje hay en la matr\u00edcula estudiantil. Hist\u00f3ricamente, hab\u00eda mayor\u00eda femenina en la facultad de ciencias sociales y humanidades, y en Artes; mientras que las ingenier\u00edas ten\u00edan una matr\u00edcula netamente masculina. Pero esto cambi\u00f3 mucho y ahora se nota la incorporaci\u00f3n de las mujeres a las ingenier\u00edas. La tecnolog\u00eda va haciendo que las carreras t\u00e9cnicas dejen de pensarse como fuerza bruta, porque cualquier persona puede manejar las nuevas tecnolog\u00edas. Y en los \u00faltimos diez a\u00f1os est\u00e1 tendencia se ha consolidado. Quiz\u00e1s esto todav\u00eda no se ve reflejado en el mundo laboral, por ejemplo, la semana pasada, en esa reuni\u00f3n con 17 rectores de Brasil y Portugal, s\u00f3lo hab\u00eda una mujer. En el consejo de rectores de las universidades nacionales, las rectoras mujeres son minor\u00eda, no hay m\u00e1s de dos o tres entre cincuenta. En la UNaM, en las seis facultades tenemos tres decanas (Econ\u00f3micas, Humanidades e Ingenier\u00eda Forestal)&#8221;.<\/p>\n<p style=\"text-align: justify;\"><strong>El primer semestre no fue f\u00e1cil&#8230; c\u00f3mo ve lo que queda del a\u00f1o?<\/strong><\/p>\n<p style=\"text-align: justify;\">&#8220;Este primer semestre fue muy duro porque no hab\u00eda plata. La Naci\u00f3n se atras\u00f3 en el env\u00edo de los fondos de financiamiento, ahora est\u00e1n llegando esos fondos pero tuvimos que pasar estos seis meses. Algunas universidades estuvieron en una situaci\u00f3n muy comprometida, por suerte la UNaM tiene un manejo bastante saneado de sus cuentas por lo que pudimos utilizar fondos de una cosa y ponerlos en otra&#8230; lo que nos permiti\u00f3 no parar nada: ni comedores, ni extensiones. S\u00ed debimos postergar algunas acciones de mantenimiento, pero no afectamos servicios esenciales&#8221;.<\/p>\n<blockquote>\n<h6 style=\"text-align: right;\"><span style=\"color: #008080;\"><strong>&#8220;Algunas universidades estuvieron en una situaci\u00f3n muy comprometida, por suerte la UNaM tiene un manejo bastante saneado de sus cuentas por lo que pudimos utilizar fondos de una cosa y ponerlos en otra&#8230; lo que nos permiti\u00f3 no parar nada: ni comedores, ni extensiones&#8221;.<\/strong><\/span><\/h6>\n<h6 style=\"text-align: right;\"><span style=\"color: #008080;\">Javier Gortari<\/span><\/h6>\n<\/blockquote>\n<p style=\"text-align: justify;\">Este segundo semestre tambi\u00e9n va a ser complicado en t\u00e9rminos gremiales porque el Gobierno ratific\u00f3 que no reabrir\u00e1 paritarias. Creo que ser\u00e1 complicado, habr\u00e1 situaciones de paro y conflicto&#8230; todos los gremios universitarios est\u00e1n planteando reapertura de paritaria. Creo que tenemos que llegar a diciembre. El a\u00f1o que viene puede ser de recuperaci\u00f3n&#8230; esperemos por el bien de todos los argentinos.<\/p>\n<p style=\"text-align: justify;\">Articulo escrito por\u00a0\u00a0<strong>Gisela Fern\u00e1ndez<\/strong><\/p>\n<p style=\"text-align: justify;\">Foto:\u00a0<strong>J.C. Marchak<\/strong><\/p>\n<p>&nbsp;<\/p>\n","protected":false},"excerpt":{"rendered":"<p>&nbsp; Lo detall\u00f3 el rector\u00a0de la Unversidad Nacional de Misiones Javier Gortari\u00a0en una extensa entrevista con el diario\u00a0Primera Edici\u00f3n.\u00a0Tambi\u00e9n destac\u00f3 que hay mayor\u00eda femenina en la matr\u00edcula y en la actualidad, tres de las seis facultades est\u00e1n conducidas por mujeres.\u00a0<\/p>\n","protected":false},"author":5,"featured_media":9381,"comment_status":"open","ping_status":"closed","sticky":false,"template":"","format":"standard","meta":{"extendify_custom_stylesheet":""},"categories":[10,405],"tags":[1514,1512,299,1511,1513],"_links":{"self":[{"href":"https:\/\/www.fhycs.unam.edu.ar\/portada\/wp-json\/wp\/v2\/posts\/9373"}],"collection":[{"href":"https:\/\/www.fhycs.unam.edu.ar\/portada\/wp-json\/wp\/v2\/posts"}],"about":[{"href":"https:\/\/www.fhycs.unam.edu.ar\/portada\/wp-json\/wp\/v2\/types\/post"}],"author":[{"embeddable":true,"href":"https:\/\/www.fhycs.unam.edu.ar\/portada\/wp-json\/wp\/v2\/users\/5"}],"replies":[{"embeddable":true,"href":"https:\/\/www.fhycs.unam.edu.ar\/portada\/wp-json\/wp\/v2\/comments?post=9373"}],"version-history":[{"count":9,"href":"https:\/\/www.fhycs.unam.edu.ar\/portada\/wp-json\/wp\/v2\/posts\/9373\/revisions"}],"predecessor-version":[{"id":9384,"href":"https:\/\/www.fhycs.unam.edu.ar\/portada\/wp-json\/wp\/v2\/posts\/9373\/revisions\/9384"}],"wp:featuredmedia":[{"embeddable":true,"href":"https:\/\/www.fhycs.unam.edu.ar\/portada\/wp-json\/wp\/v2\/media\/9381"}],"wp:attachment":[{"href":"https:\/\/www.fhycs.unam.edu.ar\/portada\/wp-json\/wp\/v2\/media?parent=9373"}],"wp:term":[{"taxonomy":"category","embeddable":true,"href":"https:\/\/www.fhycs.unam.edu.ar\/portada\/wp-json\/wp\/v2\/categories?post=9373"},{"taxonomy":"post_tag","embeddable":true,"href":"https:\/\/www.fhycs.unam.edu.ar\/portada\/wp-json\/wp\/v2\/tags?post=9373"}],"curies":[{"name":"wp","href":"https:\/\/api.w.org\/{rel}","templated":true}]}}