{"id":9394,"date":"2016-09-28T13:51:49","date_gmt":"2016-09-28T16:51:49","guid":{"rendered":"http:\/\/www.fhycs.unam.edu.ar\/portada\/?p=9394"},"modified":"2016-09-28T13:51:49","modified_gmt":"2016-09-28T16:51:49","slug":"se-realizara-en-posadas-el-2-encuentro-en-la-region-nea-derechos-cultura-y-comunicacion","status":"publish","type":"post","link":"https:\/\/www.fhycs.unam.edu.ar\/portada\/se-realizara-en-posadas-el-2-encuentro-en-la-region-nea-derechos-cultura-y-comunicacion\/","title":{"rendered":"Se realizar\u00e1 en Posadas el 2\u00b0 Encuentro en la Regi\u00f3n NEA \u201cDerechos, cultura y  comunicaci\u00f3n\u201d"},"content":{"rendered":"<p style=\"text-align: justify;\"><img loading=\"lazy\" class=\"alignleft size-medium wp-image-9395\" src=\"https:\/\/www.fhycs.unam.edu.ar\/portada\/wp-content\/uploads\/2016\/09\/unnamed-300x180.jpg\" alt=\"unnamed\" width=\"300\" height=\"180\" srcset=\"https:\/\/www.fhycs.unam.edu.ar\/portada\/wp-content\/uploads\/2016\/09\/unnamed-300x180.jpg 300w, https:\/\/www.fhycs.unam.edu.ar\/portada\/wp-content\/uploads\/2016\/09\/unnamed-768x461.jpg 768w, https:\/\/www.fhycs.unam.edu.ar\/portada\/wp-content\/uploads\/2016\/09\/unnamed-600x360.jpg 600w, https:\/\/www.fhycs.unam.edu.ar\/portada\/wp-content\/uploads\/2016\/09\/unnamed.jpg 880w\" sizes=\"(max-width: 300px) 100vw, 300px\" \/>Se trata del 2\u00b0 Encuentro con Familias LGBT que tendr\u00e1 lugar en la ciudad de Posadas y propiciar\u00e1 espacios de intercambio junto a familias diversas, hijos e hijas, periodistas locales y la Defensor\u00eda del P\u00fablico.<br \/>\n<!--more--><\/p>\n<blockquote>\n<p style=\"text-align: right;\"><span style=\"color: #008080;\"><strong>30 de septiembre, 01 y 02 de Octubre\u00a0<\/strong><\/span><\/p>\n<\/blockquote>\n<p style=\"text-align: justify;\">La Defensor\u00eda del P\u00fablico y la organizaci\u00f3n Colectivo 108-integrante de la Red 100% Diversidad y Derechos<em>&#8211;\u00a0<\/em>llevar\u00e1n a cabo el\u00a0<strong>2\u00b0 Encuentro Regional con familias LGBT \u201cDerechos, cultura y comunicaci\u00f3n\u201d, esta vez, en la Regi\u00f3n Noreste Argentino (NEA).<\/strong><\/p>\n<p style=\"text-align: justify;\">Con el objetivo de abordar los derechos de las audiencias y promover coberturas medi\u00e1ticas responsables para erradicar discursos discriminatorios de los medios audiovisuales. El Encuentro\u00a0fue declarado de inter\u00e9s legislativo provincial por la C\u00e1mara de Diputados de la Provincia del Chaco y es apoyado tambi\u00e9n por la Coordinaci\u00f3n Provincial de Pol\u00edticas Sociales y Desarrollo Interior de la Vicegobernaci\u00f3n de la Provincia de Misiones.<\/p>\n<p style=\"text-align: justify;\">Estas jornadas, de las que participar\u00e1n familias de Misiones, Corrientes, Chaco y Formosa, se desarrollar\u00e1\u00a0<strong>en la Ciudad de Posadas\u00a0<\/strong>y ser\u00e1 un espacio para intercambiar experiencias, debatir, informarse, y generar propuestas en y desde distintos \u00e1mbitos como el de la cultura, la educaci\u00f3n, la salud, el trabajo y los derechos sexuales, en funci\u00f3n de seguir avanzando en la construcci\u00f3n de la equidad de g\u00e9neros en los medios audiovisuales.<\/p>\n<p style=\"text-align: justify;\">Durante el Encuentro, se llevar\u00e1n a cabo espacios para discutir sobre estereotipos estigmatizantes que la radio y la televisi\u00f3n hacen de las identidades trans (travestis, transexuales y hombres trans) y de la diversidad sexual y familiar. Asimismo, se propiciar\u00e1n debates para cuestionar el modelo heteronormativo hegem\u00f3nico y promover coberturas medi\u00e1ticas responsables desde el enfoque de derechos plasmado en la Ley de Servicios de Comunicaci\u00f3n Audiovisual. Se propiciar\u00e1n distintos momentos de reflexi\u00f3n y de aprendizaje de los que participar\u00e1n tanto las familias LGBT, sus hijos e hijas, como periodistas locales, que tendr\u00e1n como objetivo generar producciones discursivas y medi\u00e1ticas plurales y no discriminatorias.<img loading=\"lazy\" class=\"alignleft wp-image-9396\" src=\"https:\/\/www.fhycs.unam.edu.ar\/portada\/wp-content\/uploads\/2016\/09\/8974-familias_diversas_2-300x110.jpg\" alt=\"8974-familias_diversas_2\" width=\"807\" height=\"296\" srcset=\"https:\/\/www.fhycs.unam.edu.ar\/portada\/wp-content\/uploads\/2016\/09\/8974-familias_diversas_2-300x110.jpg 300w, https:\/\/www.fhycs.unam.edu.ar\/portada\/wp-content\/uploads\/2016\/09\/8974-familias_diversas_2-768x281.jpg 768w, https:\/\/www.fhycs.unam.edu.ar\/portada\/wp-content\/uploads\/2016\/09\/8974-familias_diversas_2-600x220.jpg 600w, https:\/\/www.fhycs.unam.edu.ar\/portada\/wp-content\/uploads\/2016\/09\/8974-familias_diversas_2.jpg 800w\" sizes=\"(max-width: 807px) 100vw, 807px\" \/><\/p>\n<h6 style=\"text-align: justify;\"><strong>Programa completo<\/strong><\/h6>\n<p style=\"text-align: justify;\"><strong>Viernes 30 de septiembre<\/strong><\/p>\n<p style=\"text-align: justify;\">Sede: V\u00eda Cultural La Estaci\u00f3n \u2013 Av. Costanera entre La Rioja y Entre R\u00edos<\/p>\n<p style=\"text-align: justify;\"><strong>17.00 hs.<\/strong>\u00a0Acreditaciones.<\/p>\n<p style=\"text-align: justify;\"><strong>17.30 hs.<\/strong>\u00a0Apertura: Representantes de la Defensor\u00eda del P\u00fablico de Servicios de Comunicaci\u00f3n Audiovisual, de 100% Diversidad y Derechos, de Colectivo 108 de Misiones y de la Coordinaci\u00f3n Provincial de Pol\u00edticas Sociales y Desarrollo Interior, de la Vicegobernaci\u00f3n de la Provincia de Misiones.<\/p>\n<p style=\"text-align: justify;\"><strong>18:00 hs.<\/strong>\u00a0Entrega de reconocimientos a personas e instituciones que apoyan la diversidad familiar.<\/p>\n<p style=\"text-align: justify;\"><strong>18.30 hs.<\/strong>\u00a0Mesa redonda: \u201cNuevo paradigma de derechos y representaci\u00f3n de la diversidad sexual y familiar en la cultura y los medios de comunicaci\u00f3n\u201d.<\/p>\n<p style=\"text-align: justify;\"><strong>S\u00e1bado 01 de octubre<\/strong><\/p>\n<p style=\"text-align: justify;\">Sede: Centro del Conocimiento, Av Ulises L\u00f3pez (Acceso Oeste) y Ruta 12<\/p>\n<p style=\"text-align: justify;\"><strong>10:00-12:00 hs. Taller comunicaci\u00f3n para la diversidad destinado a periodistas.\u00a0<\/strong>Se presentar\u00e1n herramientas para promover los derechos LGBT y un trato respetuoso en los medios de comunicaci\u00f3n audiovisual.<\/p>\n<p style=\"text-align: justify;\"><strong>16:00-17:30 hs.: Taller grupal:\u00a0<\/strong>\u201cLa diversidad familiar en las producciones culturales infantiles y la representaci\u00f3n de la diversidad en los medios\u201d. Derechos a la igualdad en la radio y la televisi\u00f3n.<\/p>\n<p style=\"text-align: justify;\"><strong>Domingo 02 de octubre<\/strong><\/p>\n<p style=\"text-align: justify;\">Sede: V\u00eda Cultural La Estaci\u00f3n \u2013 Av. Costanera entre La Rioja y Entre R\u00edos<\/p>\n<p style=\"text-align: justify;\"><strong>10:00-12:00 hs. Espacio Mi noticia.\u00a0<\/strong>Ni\u00f1os y ni\u00f1as tendr\u00e1n la oportunidad de contar, frente a las c\u00e1maras de la Defensor\u00eda del P\u00fablico, sus experiencias de vida y con los servicios de comunicaci\u00f3n audiovisual, generando desde su perspectiva, sus propias noticias.<\/p>\n<p style=\"text-align: justify;\"><strong>10:00 a 12:00 hs.: Conclusiones y cierre.<\/strong><\/p>\n<p style=\"text-align: justify;\">M\u00e1s informaci\u00f3n:<a href=\"mailto:generos@defensadelpublico.gob.ar\">generos@defensadelpublico.gob.ar<\/a><\/p>\n","protected":false},"excerpt":{"rendered":"<p>Se trata del 2\u00b0 Encuentro con Familias LGBT que tendr\u00e1 lugar en la ciudad de Posadas y propiciar\u00e1 espacios de intercambio junto a familias diversas, hijos e hijas, periodistas locales y la Defensor\u00eda del P\u00fablico.<\/p>\n","protected":false},"author":5,"featured_media":9395,"comment_status":"open","ping_status":"closed","sticky":false,"template":"","format":"standard","meta":{"extendify_custom_stylesheet":""},"categories":[1171,67,1314,2],"tags":[1517,1515,1516],"_links":{"self":[{"href":"https:\/\/www.fhycs.unam.edu.ar\/portada\/wp-json\/wp\/v2\/posts\/9394"}],"collection":[{"href":"https:\/\/www.fhycs.unam.edu.ar\/portada\/wp-json\/wp\/v2\/posts"}],"about":[{"href":"https:\/\/www.fhycs.unam.edu.ar\/portada\/wp-json\/wp\/v2\/types\/post"}],"author":[{"embeddable":true,"href":"https:\/\/www.fhycs.unam.edu.ar\/portada\/wp-json\/wp\/v2\/users\/5"}],"replies":[{"embeddable":true,"href":"https:\/\/www.fhycs.unam.edu.ar\/portada\/wp-json\/wp\/v2\/comments?post=9394"}],"version-history":[{"count":3,"href":"https:\/\/www.fhycs.unam.edu.ar\/portada\/wp-json\/wp\/v2\/posts\/9394\/revisions"}],"predecessor-version":[{"id":9399,"href":"https:\/\/www.fhycs.unam.edu.ar\/portada\/wp-json\/wp\/v2\/posts\/9394\/revisions\/9399"}],"wp:featuredmedia":[{"embeddable":true,"href":"https:\/\/www.fhycs.unam.edu.ar\/portada\/wp-json\/wp\/v2\/media\/9395"}],"wp:attachment":[{"href":"https:\/\/www.fhycs.unam.edu.ar\/portada\/wp-json\/wp\/v2\/media?parent=9394"}],"wp:term":[{"taxonomy":"category","embeddable":true,"href":"https:\/\/www.fhycs.unam.edu.ar\/portada\/wp-json\/wp\/v2\/categories?post=9394"},{"taxonomy":"post_tag","embeddable":true,"href":"https:\/\/www.fhycs.unam.edu.ar\/portada\/wp-json\/wp\/v2\/tags?post=9394"}],"curies":[{"name":"wp","href":"https:\/\/api.w.org\/{rel}","templated":true}]}}