{"id":9537,"date":"2016-10-04T17:36:23","date_gmt":"2016-10-04T20:36:23","guid":{"rendered":"http:\/\/www.fhycs.unam.edu.ar\/portada\/?p=9537"},"modified":"2016-10-05T08:39:26","modified_gmt":"2016-10-05T11:39:26","slug":"inscriben-para-rendir-examen-del-certificado-de-espanol-lengua-y-uso","status":"publish","type":"post","link":"https:\/\/www.fhycs.unam.edu.ar\/portada\/inscriben-para-rendir-examen-del-certificado-de-espanol-lengua-y-uso\/","title":{"rendered":"Inscriben para rendir examen del Certificado de Espa\u00f1ol, Lengua y Uso"},"content":{"rendered":"<p style=\"text-align: justify;\"><img loading=\"lazy\" class=\"wp-image-9538 alignleft\" src=\"https:\/\/www.fhycs.unam.edu.ar\/portada\/wp-content\/uploads\/2016\/10\/unnamed-180x300.jpg\" alt=\"unnamed\" width=\"178\" height=\"297\" srcset=\"https:\/\/www.fhycs.unam.edu.ar\/portada\/wp-content\/uploads\/2016\/10\/unnamed-180x300.jpg 180w, https:\/\/www.fhycs.unam.edu.ar\/portada\/wp-content\/uploads\/2016\/10\/unnamed.jpg 249w\" sizes=\"(max-width: 178px) 100vw, 178px\" \/><\/p>\n<p style=\"text-align: justify;\">Por duod\u00e9cimo a\u00f1o consecutivo, el pr\u00f3ximo\u00a04 de noviembre\u00a0se tomar\u00e1 el examen <strong>CELU (Certificado de Espa\u00f1ol: Lengua y Uso)<\/strong> en m\u00e1s de 35 sedes distribuidas en\u00a0Argentina, Brasil, Asia y Europa. La inscripci\u00f3n se podr\u00e1 hacer a trav\u00e9s del sitio\u00a0<a href=\"http:\/\/www.celu.edu.ar\/\" target=\"_blank\" data-saferedirecturl=\"https:\/\/www.google.com\/url?hl=es&amp;q=http:\/\/www.celu.edu.ar&amp;source=gmail&amp;ust=1474721198384000&amp;usg=AFQjCNG5UvzHKkDqd1cHrKCwJdvXGpypyg\">www.celu.edu.ar<\/a>\u00a0desde el 5 de septiembre hasta el 24 de octubre de 2016.<!--more--><\/p>\n<p style=\"text-align: justify;\">El <strong>CELU<\/strong> es el \u00fanico examen reconocido oficialmente por el Ministerio de Educaci\u00f3n y el Ministerio de Relaciones Exteriores de la Rep\u00fablica Argentina.<\/p>\n<p style=\"text-align: justify;\">Otorga un\u00a0certificado de dominio que acredita el uso del idioma espa\u00f1ol como lengua segunda. Se acreditan dos niveles, el Intermedio y el Avanzado, que dan constancia, en distinto grado, de la capacidad ling\u00fc\u00edstica del hablante extranjero para actuar en situaciones laborales o acad\u00e9micas en cualquier pa\u00eds hispanohablante. Es un certificado de validez internacional sin fecha de caducidad.<\/p>\n<p style=\"text-align: justify;\">Al pie del certificado se incluyen las correlaciones de nivel con las escalas del Marco Com\u00fan de Referencia Europeo y el American Council on the Teaching of Foreign Languages:<\/p>\n<p style=\"padding-left: 30px; text-align: justify;\">\u00b7\u00a0Celu Intermedio: B1+\/B2 del MCRE y Advanced Low de ACTFL<br \/>\n\u00b7\u00a0Celu Avanzado: C1\/C2 del MCRE y Superior de ACTFL<\/p>\n<p style=\"text-align: justify;\">Se organizan dos tomas regulares por a\u00f1o. Tambi\u00e9n se organizan tomas extraordinarias a pedido de las sedes. Actualmente hay fechas extraordinarias en enero, marzo, abril y\u00a0agosto.<\/p>\n<p style=\"text-align: justify;\">Los resultados se publican 45 d\u00edas despu\u00e9s del examen y los certificados se entregan aproximadamente tres meses m\u00e1s tarde. Esta certificaci\u00f3n cuenta con diez a\u00f1os de trayectoria en evaluaci\u00f3n, acreditaci\u00f3n y certificaci\u00f3n del espa\u00f1ol como lengua segunda. El equipo que dise\u00f1a, implementa y eval\u00faa el CELU se encuentra en constante capacitaci\u00f3n. M\u00e1s de 5000 personas ya lo han rendido, y el n\u00famero de inscriptos presenta un constante aumento desde el comienzo.<\/p>\n<p style=\"text-align: justify;\">Para m\u00e1s informaci\u00f3n:\u00a0<a href=\"http:\/\/www.celu.edu.ar\/\" target=\"_blank\" data-saferedirecturl=\"https:\/\/www.google.com\/url?hl=es&amp;q=http:\/\/www.celu.edu.ar&amp;source=gmail&amp;ust=1474721198384000&amp;usg=AFQjCNG5UvzHKkDqd1cHrKCwJdvXGpypyg\">www.celu.edu.ar<\/a>\u00a0\/\u00a0<a href=\"mailto:info@celu.edu.ar\">info@celu.edu.ar<\/a><\/p>\n<p style=\"text-align: justify;\"><a href=\"http:\/\/www.celu.edu.ar\/es\/node\/245\" target=\"_blank\">Material de difusi\u00f3n CELU 216 para descarga<\/a><\/p>\n","protected":false},"excerpt":{"rendered":"<p>Por duod\u00e9cimo a\u00f1o consecutivo, el pr\u00f3ximo\u00a04 de noviembre\u00a0se tomar\u00e1 el examen CELU (Certificado de Espa\u00f1ol: Lengua y Uso) en m\u00e1s de 35 sedes distribuidas en\u00a0Argentina, Brasil, Asia y Europa. La inscripci\u00f3n se podr\u00e1 hacer a trav\u00e9s del sitio\u00a0www.celu.edu.ar\u00a0desde el 5 de septiembre hasta el 24 de octubre de 2016.<\/p>\n","protected":false},"author":10,"featured_media":9538,"comment_status":"open","ping_status":"closed","sticky":false,"template":"","format":"standard","meta":{"extendify_custom_stylesheet":""},"categories":[965,611],"tags":[656,1558,1559,5,651,654],"_links":{"self":[{"href":"https:\/\/www.fhycs.unam.edu.ar\/portada\/wp-json\/wp\/v2\/posts\/9537"}],"collection":[{"href":"https:\/\/www.fhycs.unam.edu.ar\/portada\/wp-json\/wp\/v2\/posts"}],"about":[{"href":"https:\/\/www.fhycs.unam.edu.ar\/portada\/wp-json\/wp\/v2\/types\/post"}],"author":[{"embeddable":true,"href":"https:\/\/www.fhycs.unam.edu.ar\/portada\/wp-json\/wp\/v2\/users\/10"}],"replies":[{"embeddable":true,"href":"https:\/\/www.fhycs.unam.edu.ar\/portada\/wp-json\/wp\/v2\/comments?post=9537"}],"version-history":[{"count":3,"href":"https:\/\/www.fhycs.unam.edu.ar\/portada\/wp-json\/wp\/v2\/posts\/9537\/revisions"}],"predecessor-version":[{"id":9785,"href":"https:\/\/www.fhycs.unam.edu.ar\/portada\/wp-json\/wp\/v2\/posts\/9537\/revisions\/9785"}],"wp:featuredmedia":[{"embeddable":true,"href":"https:\/\/www.fhycs.unam.edu.ar\/portada\/wp-json\/wp\/v2\/media\/9538"}],"wp:attachment":[{"href":"https:\/\/www.fhycs.unam.edu.ar\/portada\/wp-json\/wp\/v2\/media?parent=9537"}],"wp:term":[{"taxonomy":"category","embeddable":true,"href":"https:\/\/www.fhycs.unam.edu.ar\/portada\/wp-json\/wp\/v2\/categories?post=9537"},{"taxonomy":"post_tag","embeddable":true,"href":"https:\/\/www.fhycs.unam.edu.ar\/portada\/wp-json\/wp\/v2\/tags?post=9537"}],"curies":[{"name":"wp","href":"https:\/\/api.w.org\/{rel}","templated":true}]}}